{"id":98232,"date":"2024-12-04T00:00:00","date_gmt":"2024-12-03T23:00:00","guid":{"rendered":"https:\/\/www.secvergnaud.com\/index.php\/les-infos-du-jour\/acces-a-la-profession-davocat-du-nouveau\/"},"modified":"2024-12-04T00:00:00","modified_gmt":"2024-12-03T23:00:00","slug":"acces-a-la-profession-davocat-du-nouveau","status":"publish","type":"weblex-importer-post","link":"https:\/\/www.secvergnaud.com\/index.php\/les-infos-du-jour\/acces-a-la-profession-davocat-du-nouveau\/","title":{"rendered":"Acc\u00e8s \u00e0 la profession d\u2019avocat : du nouveau !"},"content":{"rendered":"<p>Si l\u2019examen d\u2019acc\u00e8s au centre r\u00e9gional de formation professionnelle (CRFPA) et celui du certificat d&rsquo;aptitude \u00e0 la profession d&rsquo;avocat (CAPA) ne sont pas remis en cause, les conditions de dipl\u00f4mes \u00e0 pr\u00e9senter ont \u00e9t\u00e9 modifi\u00e9es. Revue de d\u00e9tails\u2026<\/p>\n<h2>Quel dipl\u00f4me pour devenir avocat\u202f?<\/h2>\n<p>La condition de dipl\u00f4me n\u00e9cessaire pour passer l\u2019examen d\u2019acc\u00e8s au centre r\u00e9gional de formation professionnelle (CRFPA) a \u00e9t\u00e9 supprim\u00e9e.<\/p>\n<p>En revanche, pour passer l\u2019examen du certificat d&rsquo;aptitude \u00e0 la profession d&rsquo;avocat (CAPA), les candidats devront, \u00e0 partir du 1er janvier 2025, \u00eatre titulaires d&rsquo;un master en droit ou d\u2019un titre ou dipl\u00f4me \u00e9quivalent.<\/p>\n<p>Dans le cas o\u00f9 l&rsquo;\u00e9l\u00e8ve n&rsquo;est pas titulaire d&rsquo;un master \u00e0 l\u2019issue des 3 p\u00e9riodes de formation, il lui sera possible de se pr\u00e9senter \u00e0 l&rsquo;une des deux prochaines sessions de l&rsquo;examen du CAPA, lui laissant ainsi le temps de remplir la condition de dipl\u00f4me. Les notes de contr\u00f4le continu seront conserv\u00e9es.<\/p>\n<p>Notez que ces nouvelles conditions seront applicables \u00e0 partir du 1er janvier 2025, sauf pour les personnes qui sont d\u00e9j\u00e0 titulaires de l\u2019examen du CRFPA.<\/p>\n<div>Sources :  <\/p>\n<ul>\n<li><a href=\"https:\/\/www.legifrance.gouv.fr\/jorf\/id\/JORFTEXT000050654129\" rel=\"noopener\" target=\"_blank\">D\u00e9cret no 2024-1049 du 21 novembre 2024 portant diverses mesures relatives aux professions judiciaires ou juridiques<\/a><\/li>\n<\/ul>\n<\/div>\n<p><a href=\"https:\/\/www.weblex.fr\/weblex-actualite\/acces-a-la-profession-d-avocat-du-nouveau\" target=\"_blank\" rel=\"noopener\">Acc\u00e8s \u00e0 la profession d\u2019avocat : du nouveau ! <\/a> &#8211; \u00a9 Copyright WebLex<\/p>\n<p><img src=\"https:\/\/www.weblex.fr\/sites\/default\/files\/actualites\/images\/Shutterstock_professionavocatnouveau.jpg\"><\/p>\n","protected":false},"excerpt":{"rendered":"<p>Si l\u2019examen d\u2019acc\u00e8s au centre r\u00e9gional de formation professionnelle (CRFPA) et celui du certificat d&rsquo;aptitude \u00e0 la profession d&rsquo;avocat (CAPA) ne sont pas remis en cause, les conditions de dipl\u00f4mes \u00e0 pr\u00e9senter ont \u00e9t\u00e9 modifi\u00e9es. Revue de d\u00e9tails\u2026<\/p>\n","protected":false},"featured_media":98233,"template":"","weblex-importer-activity":[],"weblex-importer-category":[62,63],"weblex-importer-tag":[198],"weblex-importer-keyword":[],"_links":{"self":[{"href":"https:\/\/www.secvergnaud.com\/index.php\/wp-json\/wp\/v2\/weblex-importer-post\/98232"}],"collection":[{"href":"https:\/\/www.secvergnaud.com\/index.php\/wp-json\/wp\/v2\/weblex-importer-post"}],"about":[{"href":"https:\/\/www.secvergnaud.com\/index.php\/wp-json\/wp\/v2\/types\/weblex-importer-post"}],"wp:featuredmedia":[{"embeddable":true,"href":"https:\/\/www.secvergnaud.com\/index.php\/wp-json\/wp\/v2\/media\/98233"}],"wp:attachment":[{"href":"https:\/\/www.secvergnaud.com\/index.php\/wp-json\/wp\/v2\/media?parent=98232"}],"wp:term":[{"taxonomy":"weblex-importer-activity","embeddable":true,"href":"https:\/\/www.secvergnaud.com\/index.php\/wp-json\/wp\/v2\/weblex-importer-activity?post=98232"},{"taxonomy":"weblex-importer-category","embeddable":true,"href":"https:\/\/www.secvergnaud.com\/index.php\/wp-json\/wp\/v2\/weblex-importer-category?post=98232"},{"taxonomy":"weblex-importer-tag","embeddable":true,"href":"https:\/\/www.secvergnaud.com\/index.php\/wp-json\/wp\/v2\/weblex-importer-tag?post=98232"},{"taxonomy":"weblex-importer-keyword","embeddable":true,"href":"https:\/\/www.secvergnaud.com\/index.php\/wp-json\/wp\/v2\/weblex-importer-keyword?post=98232"}],"curies":[{"name":"wp","href":"https:\/\/api.w.org\/{rel}","templated":true}]}}