{"id":97748,"date":"2024-11-25T00:00:00","date_gmt":"2024-11-24T23:00:00","guid":{"rendered":"https:\/\/www.secvergnaud.com\/index.php\/les-infos-du-jour\/sante-des-enfants-du-nouveau\/"},"modified":"2024-11-25T00:00:00","modified_gmt":"2024-11-24T23:00:00","slug":"sante-des-enfants-du-nouveau","status":"publish","type":"weblex-importer-post","link":"https:\/\/www.secvergnaud.com\/index.php\/les-infos-du-jour\/sante-des-enfants-du-nouveau\/","title":{"rendered":"Sant\u00e9 des enfants\u202f: du nouveau"},"content":{"rendered":"<p>Le suivi de la sant\u00e9 des enfants est une pr\u00e9occupation majeure qui vient de faire l\u2019objet d\u2019am\u00e9nagements r\u00e9cents, que ce soit \u00e0 propos du calendrier des examens m\u00e9dicaux \u00e0 r\u00e9aliser, du carnet de sant\u00e9 ou encore du certificat de sant\u00e9. Retour en d\u00e9tail sur les nouveaut\u00e9s\u2026<\/p>\n<h2>Sant\u00e9 des enfants\u202f: un calendrier et des documents revus<\/h2>\n<p>Le suivi de la sant\u00e9 des enfants de 0 \u00e0 16 ans fait l\u2019objet d\u2019un cadre sp\u00e9cial\u202f: il pr\u00e9voit 20 rendez-vous pour des examens m\u00e9dicaux \u00e0 effectuer dans ces 16 premi\u00e8res ann\u00e9es pour \u00e9valuer l\u2019\u00e9tat de sant\u00e9 g\u00e9n\u00e9ral de l\u2019enfant.<\/p>\n<p>Le calendrier de ces rendez-vous est modifi\u00e9 et se d\u00e9roulera d\u00e9sormais comme suit\u202f:<\/p>\n<ul>\n<li>dans les huit jours qui suivent la naissance ;<\/li>\n<li>au cours de la deuxi\u00e8me semaine ;<\/li>\n<li>au cours du deuxi\u00e8me mois ;<\/li>\n<li>au cours du troisi\u00e8me mois ;<\/li>\n<li>au cours du quatri\u00e8me mois au cours du cinqui\u00e8me mois ;<\/li>\n<li>au cours du sixi\u00e8me mois ;<\/li>\n<li>au cours du neuvi\u00e8me mois ;<\/li>\n<li>au cours du douzi\u00e8me mois ;<\/li>\n<li>au cours du treizi\u00e8me mois ;<\/li>\n<li>entre seize et dix-huit mois ;<\/li>\n<li>au cours du vingt-quatri\u00e8me mois ou du vingt-cinqui\u00e8me mois ;<\/li>\n<li>au cours de la troisi\u00e8me ann\u00e9e ;<\/li>\n<li>au cours de la quatri\u00e8me ann\u00e9e ;<\/li>\n<li>au cours de la cinqui\u00e8me ann\u00e9e ;<\/li>\n<li>au cours de la sixi\u00e8me ann\u00e9e ;<\/li>\n<li>au cours de la septi\u00e8me ann\u00e9e ;<\/li>\n<li>entre huit et neuf ans ;<\/li>\n<li>entre onze et treize ans\u202f;<\/li>\n<li>entre quinze et seize ans.<\/li>\n<\/ul>\n<p>Il faut noter que qu\u2019un rendez-vous lors des trois premi\u00e8res ann\u00e9es \u00e0 \u00e9t\u00e9 supprim\u00e9 et qu\u2019un nouveaurendez-vous a \u00e9t\u00e9 ajout\u00e9 au cours de la septi\u00e8me ann\u00e9e de l\u2019enfant.<\/p>\n<p>Faut en outre noter que les objectifs de ces rendez-vous ont \u00e9galement \u00e9t\u00e9 revu, puisque s\u2019ajoutent d\u00e9sormais la n\u00e9cessit\u00e9 de la recherche de troubles psychiques, notamment anxieux et d\u00e9pressifs, et l\u2019administration de traitements pr\u00e9ventifs contre les maladies infantiles.<\/p>\n<p>Des changements sont \u00e9galement op\u00e9r\u00e9s concernant les documents relatifs \u00e0 ce suivi\u202f: un nouveau <a href=\"https:\/\/sante.gouv.fr\/IMG\/pdf\/carnet_de_sante_2024_interieur_specimen.pdf\" rel=\"noopener\" target=\"_blank\">mod\u00e8le de carnet de sant\u00e9<\/a> a \u00e9t\u00e9 adopt\u00e9 et 3 mod\u00e8les de certificats de sant\u00e9 de l\u2019enfant doivent obligatoirement \u00eatre compl\u00e9t\u00e9s lors\u202f:<\/p>\n<ul>\n<li><a href=\"https:\/\/sante.gouv.fr\/IMG\/pdf\/cerfa_cs8_bleu-rv_s24.pdf\" rel=\"noopener\" target=\"_blank\">des 8 premiers jours suivant la naissance<\/a> ;<\/li>\n<li><a href=\"https:\/\/sante.gouv.fr\/IMG\/pdf\/cerfa_cs9_vert-recto-verso-140x202mm-cs24.pdf\" rel=\"noopener\" target=\"_blank\">au cours du 9e mois<\/a>\u202f;<\/li>\n<li><a href=\"https:\/\/sante.gouv.fr\/IMG\/pdf\/cerfa_cs24_orange-recto-verso-140x202mm-cs24.pdf\" rel=\"noopener\" target=\"_blank\">au cours du 24e mois<\/a>.<\/li>\n<\/ul>\n<p>L\u2019ensemble de ces changements entreront en vigueur le 1er janvier 2025.<\/p>\n<p>&nbsp;<\/p>\n<div>Sources :  <\/p>\n<ul>\n<li><a href=\"https:\/\/www.legifrance.gouv.fr\/jorf\/id\/JORFTEXT000050500736\" rel=\"noopener\" target=\"_blank\">D\u00e9cret no 2024-1031 du 14 novembre 2024 relatif aux examens m\u00e9dicaux obligatoires de l&rsquo;enfant<\/a><\/li>\n<li><a href=\"https:\/\/www.legifrance.gouv.fr\/jorf\/id\/JORFTEXT000050500751\" rel=\"noopener\" target=\"_blank\">Arr\u00eat\u00e9 du 14 novembre 2024 modifiant l&rsquo;arr\u00eat\u00e9 du 26 f\u00e9vrier 2019 relatif au calendrier des examens m\u00e9dicaux obligatoires de l&rsquo;enfant<\/a><\/li>\n<li><a href=\"https:\/\/www.legifrance.gouv.fr\/jorf\/id\/JORFTEXT000050500762\" rel=\"noopener\" target=\"_blank\">Arr\u00eat\u00e9 du 14 novembre 2024 relatif \u00e0 la forme et au mode d&rsquo;utilisation du carnet de sant\u00e9<\/a><\/li>\n<li><a href=\"https:\/\/www.legifrance.gouv.fr\/jorf\/id\/JORFTEXT000050500774\" rel=\"noopener\" target=\"_blank\">Arr\u00eat\u00e9 du 14 novembre 2024 relatif aux mod\u00e8les d&rsquo;imprim\u00e9s servant \u00e0 \u00e9tablir les certificats de sant\u00e9 pour les examens m\u00e9dicaux pr\u00e9ventifs r\u00e9alis\u00e9s dans les huit jours suivant la naissance et au cours du neuvi\u00e8me et du vingt-quatri\u00e8me mois de la vie<\/a><\/li>\n<\/ul>\n<\/div>\n<p><a href=\"https:\/\/www.weblex.fr\/weblex-actualite\/sante-des-enfants-du-nouveau\" target=\"_blank\" rel=\"noopener\">Sant\u00e9 des enfants : du nouveau <\/a> &#8211; \u00a9 Copyright WebLex<\/p>\n<p><img src=\"https:\/\/www.weblex.fr\/sites\/default\/files\/actualites\/images\/Shutterstock_santeenfants.jpg\"><\/p>\n","protected":false},"excerpt":{"rendered":"<p>Le suivi de la sant\u00e9 des enfants est une pr\u00e9occupation majeure qui vient de faire l\u2019objet d\u2019am\u00e9nagements r\u00e9cents, que ce soit \u00e0 propos du calendrier des examens m\u00e9dicaux \u00e0 r\u00e9aliser, du carnet de sant\u00e9 ou encore du certificat de sant\u00e9. Retour en d\u00e9tail sur les nouveaut\u00e9s\u2026<\/p>\n","protected":false},"featured_media":97749,"template":"","weblex-importer-activity":[],"weblex-importer-category":[62,63],"weblex-importer-tag":[198],"weblex-importer-keyword":[],"_links":{"self":[{"href":"https:\/\/www.secvergnaud.com\/index.php\/wp-json\/wp\/v2\/weblex-importer-post\/97748"}],"collection":[{"href":"https:\/\/www.secvergnaud.com\/index.php\/wp-json\/wp\/v2\/weblex-importer-post"}],"about":[{"href":"https:\/\/www.secvergnaud.com\/index.php\/wp-json\/wp\/v2\/types\/weblex-importer-post"}],"wp:featuredmedia":[{"embeddable":true,"href":"https:\/\/www.secvergnaud.com\/index.php\/wp-json\/wp\/v2\/media\/97749"}],"wp:attachment":[{"href":"https:\/\/www.secvergnaud.com\/index.php\/wp-json\/wp\/v2\/media?parent=97748"}],"wp:term":[{"taxonomy":"weblex-importer-activity","embeddable":true,"href":"https:\/\/www.secvergnaud.com\/index.php\/wp-json\/wp\/v2\/weblex-importer-activity?post=97748"},{"taxonomy":"weblex-importer-category","embeddable":true,"href":"https:\/\/www.secvergnaud.com\/index.php\/wp-json\/wp\/v2\/weblex-importer-category?post=97748"},{"taxonomy":"weblex-importer-tag","embeddable":true,"href":"https:\/\/www.secvergnaud.com\/index.php\/wp-json\/wp\/v2\/weblex-importer-tag?post=97748"},{"taxonomy":"weblex-importer-keyword","embeddable":true,"href":"https:\/\/www.secvergnaud.com\/index.php\/wp-json\/wp\/v2\/weblex-importer-keyword?post=97748"}],"curies":[{"name":"wp","href":"https:\/\/api.w.org\/{rel}","templated":true}]}}