{"id":91254,"date":"2024-09-13T00:00:00","date_gmt":"2024-09-12T22:00:00","guid":{"rendered":"https:\/\/www.secvergnaud.com\/index.php\/les-infos-du-jour\/cest-lhistoire-dun-bailleur-qui-nest-pas-aussi-precis-quil-le-pense\/"},"modified":"2024-09-13T00:00:00","modified_gmt":"2024-09-12T22:00:00","slug":"cest-lhistoire-dun-bailleur-qui-nest-pas-aussi-precis-quil-le-pense","status":"publish","type":"weblex-importer-post","link":"https:\/\/www.secvergnaud.com\/index.php\/les-infos-du-jour\/cest-lhistoire-dun-bailleur-qui-nest-pas-aussi-precis-quil-le-pense\/","title":{"rendered":"C\u2019est l\u2019histoire d\u2019un bailleur qui n\u2019est pas aussi pr\u00e9cis qu\u2019il le pense\u2026"},"content":{"rendered":"<p class=\"title\">C\u2019est l\u2019histoire d\u2019un bailleur qui n\u2019est pas aussi pr\u00e9cis qu\u2019il le pense\u2026 <\/p>\n<div>\n<p>Le bailleur d\u2019un local commercial r\u00e9clame le remboursement de la taxe fonci\u00e8re \u00e0 son locataire, conform\u00e9ment au contrat de bail. Un remboursement que le locataire conteste, estimant que cette taxe n\u2019est pas \u00ab\u202fr\u00e9guli\u00e8rement\u202f\u00bb mise \u00e0 sa charge\u2026<\/p>\n<p>Pourtant, le bail est clair \u00e0 ce sujet, rappelle le bailleur\u202f: plusieurs clauses d\u00e9taillent les cat\u00e9gories de charges dues par le locataire, dont une intitul\u00e9e \u00ab\u202fimp\u00f4ts et taxes\u202f\u00bb visant justement la taxe fonci\u00e8re, qui est donc \u00ab\u202fclairement\u202f\u00bb mise \u00e0 sa charge\u2026 en m\u00e9connaissance de la r\u00e9glementation qui est, elle, tr\u00e8s claire \u00e0 ce sujet\u202f: tout contrat de bail commercial doit contenir un inventaire pr\u00e9cis et limitatif des d\u00e9penses mises \u00e0 la charge du locataire, annex\u00e9 au bail, qui fait d\u00e9faut ici\u2026<\/p>\n<p>Ce que reconnait le juge qui confirme que cet inventaire constitue la seule fa\u00e7on d&rsquo;imputer des charges au locataire\u202f: faute d\u2019inventaire ici, mentionnant la taxe fonci\u00e8re \u00e0 la charge du locataire, le bailleur ne peut pas lui en r\u00e9clamer le remboursement\u202f!<\/p>\n<\/p><\/div>\n<div>Source : <\/p>\n<ul>\n<li><a href=\"https:\/\/www.courdecassation.fr\/decision\/65eab8a5d38d280008cdfb33\" rel=\"noopener\" target=\"_blank\">Arr\u00eat de la cour d\u2019appel de Versailles du 7 mars 2024, no 22\/05759<\/a><\/li>\n<\/ul>\n<\/div>\n<p><a href=\"https:\/\/www.weblex.fr\/la-petite-histoire-du-jour\/c-est-l-histoire-d-un-bailleur-qui-n-est-pas-aussi-precis-qu-il-le-pense\" target=\"_blank\" rel=\"noopener\">La petite histoire du jour<\/a> &#8211; \u00a9 Copyright WebLex<\/p>\n<p><img src=\"https:\/\/www.weblex.fr\/sites\/default\/files\/petites_histoires\/images\/Shutterstock_remboursementtaxefonciere.jpg\"><\/p>\n","protected":false},"excerpt":{"rendered":"<p>C\u2019est l\u2019histoire d\u2019un bailleur qui n\u2019est pas aussi pr\u00e9cis qu\u2019il le pense\u2026 Le bailleur d\u2019un local commercial r\u00e9clame le remboursement de la taxe fonci\u00e8re \u00e0 son locataire, conform\u00e9ment au contrat de bail. Un remboursement que le locataire conteste, estimant que cette taxe n\u2019est pas \u00ab\u202fr\u00e9guli\u00e8rement\u202f\u00bb mise \u00e0 sa charge\u2026 Pourtant, le bail est clair \u00e0 [&hellip;]<\/p>\n","protected":false},"featured_media":91255,"template":"","weblex-importer-activity":[],"weblex-importer-category":[47],"weblex-importer-tag":[284],"weblex-importer-keyword":[],"_links":{"self":[{"href":"https:\/\/www.secvergnaud.com\/index.php\/wp-json\/wp\/v2\/weblex-importer-post\/91254"}],"collection":[{"href":"https:\/\/www.secvergnaud.com\/index.php\/wp-json\/wp\/v2\/weblex-importer-post"}],"about":[{"href":"https:\/\/www.secvergnaud.com\/index.php\/wp-json\/wp\/v2\/types\/weblex-importer-post"}],"wp:featuredmedia":[{"embeddable":true,"href":"https:\/\/www.secvergnaud.com\/index.php\/wp-json\/wp\/v2\/media\/91255"}],"wp:attachment":[{"href":"https:\/\/www.secvergnaud.com\/index.php\/wp-json\/wp\/v2\/media?parent=91254"}],"wp:term":[{"taxonomy":"weblex-importer-activity","embeddable":true,"href":"https:\/\/www.secvergnaud.com\/index.php\/wp-json\/wp\/v2\/weblex-importer-activity?post=91254"},{"taxonomy":"weblex-importer-category","embeddable":true,"href":"https:\/\/www.secvergnaud.com\/index.php\/wp-json\/wp\/v2\/weblex-importer-category?post=91254"},{"taxonomy":"weblex-importer-tag","embeddable":true,"href":"https:\/\/www.secvergnaud.com\/index.php\/wp-json\/wp\/v2\/weblex-importer-tag?post=91254"},{"taxonomy":"weblex-importer-keyword","embeddable":true,"href":"https:\/\/www.secvergnaud.com\/index.php\/wp-json\/wp\/v2\/weblex-importer-keyword?post=91254"}],"curies":[{"name":"wp","href":"https:\/\/api.w.org\/{rel}","templated":true}]}}