{"id":883,"date":"2022-02-28T05:47:00","date_gmt":"2022-02-28T04:47:00","guid":{"rendered":"https:\/\/www.secvergnaud.com\/index.php\/les-infos-du-jour\/cultiver-du-cannabis-a-usage-medical-mode-demploi\/"},"modified":"2022-02-28T05:47:00","modified_gmt":"2022-02-28T04:47:00","slug":"cultiver-du-cannabis-a-usage-medical-mode-demploi","status":"publish","type":"weblex-importer-post","link":"https:\/\/www.secvergnaud.com\/index.php\/les-infos-du-jour\/cultiver-du-cannabis-a-usage-medical-mode-demploi\/","title":{"rendered":"Cultiver du cannabis \u00e0 usage m\u00e9dical : mode d\u2019emploi"},"content":{"rendered":"<div>\n<h2>Cultiver du cannabis \u00e0 usage m\u00e9dical : un cadre juridique<\/h2>\n<p>Pour cr\u00e9er une fili\u00e8re allant de la culture au m\u00e9dicament \u00e0 base de cannabis \u00e0 usage m\u00e9dical en France, un <a href=\"https:\/\/www.legifrance.gouv.fr\/jorf\/id\/JORFTEXT000045185582\" target=\"_blank\" rel=\"noopener\">cadre juridique<\/a> visant la culture et la production de ce produit, applicable \u00e0 partir du 1er mars 2022, est mis en place.<\/p>\n<p>Des modalit\u00e9s techniques sont attendues pour pr\u00e9ciser ce cadre juridique.<\/p>\n<p>Notez qu\u2019il est d\u2019ores et d\u00e9j\u00e0 pr\u00e9vu que les intrusions, les d\u00e9t\u00e9riorations et tout incident de s\u00fbret\u00e9 devront \u00eatre signal\u00e9s sans d\u00e9lai aux autorit\u00e9s de police, \u00e0 l&rsquo;agence r\u00e9gionale de sant\u00e9 (ARS) et \u00e0 l&rsquo;Agence nationale de s\u00e9curit\u00e9 du m\u00e9dicament et des produits de sant\u00e9 (ANSM).<\/p>\n<p>Source : D\u00e9cret n\u00b0 2022-194 du 17 f\u00e9vrier 2022 relatif au cannabis \u00e0 usage m\u00e9dical<\/p>\n<p><a href=\"https:\/\/www.weblex.fr\/weblex-actualite\/cultiver-du-cannabis-a-usage-medical-mode-demploi\" target=\"_blank\" rel=\"noopener\">Cultiver du cannabis \u00e0 usage m\u00e9dical : mode d\u2019emploi<\/a> \u00a9 Copyright WebLex &#8211; 2022<\/p>\n<\/div>\n","protected":false},"excerpt":{"rendered":"<p>L\u2019usage du cannabis \u00e0 des fins m\u00e9dicales \u00e9tant d\u00e9sormais autoris\u00e9, il va devoir \u00eatre cultiv\u00e9. Ce qui n\u00e9cessite la cr\u00e9ation d\u2019un cadre juridique\u2026 Explications.<\/p>\n","protected":false},"featured_media":884,"template":"","weblex-importer-activity":[],"weblex-importer-category":[62,63],"weblex-importer-tag":[61],"weblex-importer-keyword":[],"_links":{"self":[{"href":"https:\/\/www.secvergnaud.com\/index.php\/wp-json\/wp\/v2\/weblex-importer-post\/883"}],"collection":[{"href":"https:\/\/www.secvergnaud.com\/index.php\/wp-json\/wp\/v2\/weblex-importer-post"}],"about":[{"href":"https:\/\/www.secvergnaud.com\/index.php\/wp-json\/wp\/v2\/types\/weblex-importer-post"}],"wp:featuredmedia":[{"embeddable":true,"href":"https:\/\/www.secvergnaud.com\/index.php\/wp-json\/wp\/v2\/media\/884"}],"wp:attachment":[{"href":"https:\/\/www.secvergnaud.com\/index.php\/wp-json\/wp\/v2\/media?parent=883"}],"wp:term":[{"taxonomy":"weblex-importer-activity","embeddable":true,"href":"https:\/\/www.secvergnaud.com\/index.php\/wp-json\/wp\/v2\/weblex-importer-activity?post=883"},{"taxonomy":"weblex-importer-category","embeddable":true,"href":"https:\/\/www.secvergnaud.com\/index.php\/wp-json\/wp\/v2\/weblex-importer-category?post=883"},{"taxonomy":"weblex-importer-tag","embeddable":true,"href":"https:\/\/www.secvergnaud.com\/index.php\/wp-json\/wp\/v2\/weblex-importer-tag?post=883"},{"taxonomy":"weblex-importer-keyword","embeddable":true,"href":"https:\/\/www.secvergnaud.com\/index.php\/wp-json\/wp\/v2\/weblex-importer-keyword?post=883"}],"curies":[{"name":"wp","href":"https:\/\/api.w.org\/{rel}","templated":true}]}}