{"id":81905,"date":"2024-06-28T00:00:00","date_gmt":"2024-06-27T22:00:00","guid":{"rendered":"https:\/\/www.secvergnaud.com\/index.php\/les-infos-du-jour\/cheque-energie-session-de-rattrapage\/"},"modified":"2024-06-28T00:00:00","modified_gmt":"2024-06-27T22:00:00","slug":"cheque-energie-session-de-rattrapage","status":"publish","type":"weblex-importer-post","link":"https:\/\/www.secvergnaud.com\/index.php\/les-infos-du-jour\/cheque-energie-session-de-rattrapage\/","title":{"rendered":"Ch\u00e8que \u00e9nergie : session de rattrapage !"},"content":{"rendered":"<p>Pour \u00e9tablir la liste des b\u00e9n\u00e9ficiaires du ch\u00e8que \u00e9nergie, les pouvoirs publics utilisaient jusqu\u2019\u00e0 pr\u00e9sent les informations contenues dans la taxe d\u2019habitation. Or, depuis 2023, cette derni\u00e8re a \u00e9t\u00e9 supprim\u00e9e pour les r\u00e9sidences principales. R\u00e9sultat : des personnes \u00e9ligibles au ch\u00e8que \u00e9nergie ne l\u2019ont pas re\u00e7u. D\u2019o\u00f9 l\u2019ouverture d\u2019un nouveau portail pour corriger la situation\u2026<\/p>\n<h2>Ch\u00e8que \u00e9nergie : ouverture du portail en juillet !<\/h2>\n<p>Pour rappel, les envois automatiques de ch\u00e8ques \u00e9nergie se sont termin\u00e9s le 25 avril 2024.<\/p>\n<p>Sauf qu\u2019il y a eu des oubli\u00e9s, notamment en raison des crit\u00e8res d\u2019\u00e9ligibilit\u00e9, \u00e0 savoir :<\/p>\n<ul>\n<li>le revenu fiscal de r\u00e9f\u00e9rence du m\u00e9nage de l\u2019ann\u00e9e N-2, \u00e9tabli \u00e0 partir des \u00e9l\u00e9ments d\u00e9clar\u00e9s en ann\u00e9e N-1 (par exemple, pour l\u2019ann\u00e9e 2023, les pouvoirs publics regardaient les revenus de l\u2019ann\u00e9e N-2, c\u2019est-\u00e0-dire 2021, d\u00e9clar\u00e9s en N-1, c\u2019est-\u00e0-dire en 2022) ;<\/li>\n<li>la composition du m\u00e9nage.<\/li>\n<\/ul>\n<p>Or, la composition du m\u00e9nage \u00e9tait, jusque-l\u00e0, \u00e9tablie gr\u00e2ce \u00e0 la taxe d\u2019habitation de l\u2019ann\u00e9e N-1. Sauf que depuis le 1er janvier 2023, cette taxe n\u2019existe plus pour les r\u00e9sidences principales.<\/p>\n<p>Autrement dit, les m\u00e9nages qui n\u2019\u00e9taient pas \u00e9ligibles au ch\u00e8que \u00e9nergie en 2023 n\u2019ont pas re\u00e7u celui de 2024 alors m\u00eame qu\u2019ils sont \u00e9ligibles \u00e0 cette aide.<\/p>\n<p>Pour corriger cette situation, les m\u00e9nages \u00e9ligibles au titre de leurs revenus 2022 et de leur composition pourront faire une demande de ch\u00e8que \u00e9nergie <a href=\"https:\/\/chequeenergie.gouv.fr\/\" rel=\"noopener\" target=\"_blank\">ici<\/a> \u00e0 partir du mois de juillet et jusqu\u2019au 31 d\u00e9cembre 2024.<\/p>\n<p>Notez que les demandes pourront se faire num\u00e9riquement ou par voie papier.<\/p>\n<div>Sources :  <\/p>\n<ul>\n<li><a href=\"https:\/\/www.legifrance.gouv.fr\/jorf\/id\/JORFTEXT000049745953\" rel=\"noopener\" target=\"_blank\">Arr\u00eat\u00e9 du 12 juin 2024 relatif aux demandes de ch\u00e8que \u00e9nergie pr\u00e9vues par l&rsquo;article 6 du d\u00e9cret no 2024-411 du 4 mai 2024 relatif au ch\u00e8que \u00e9nergie \u00e9mis au titre de l&rsquo;ann\u00e9e 2024 et modifiant les modalit\u00e9s de la mise en \u0153uvre du ch\u00e8que \u00e9nergie<\/a><\/li>\n<li><a href=\"https:\/\/presse.economie.gouv.fr\/cheque-energie-un-portail-de-demande-pour-les-menages-modestes-dont-la-situation-a-evolue-en-2022\/\" rel=\"noopener\" target=\"_blank\">Communiqu\u00e9 de presse no 1833 du 6 mai 2024 : \u00ab Ch\u00e8que \u00e9nergie : un portail de demande pour les m\u00e9nages modestes dont la situation a \u00e9volu\u00e9 en 2022 et qui n\u2019ont pas re\u00e7u le ch\u00e8que \u00e9nergie ouvrira en juillet \u00bb<\/a><\/li>\n<\/ul>\n<\/div>\n<p><a href=\"https:\/\/www.weblex.fr\/weblex-actualite\/cheque-energie-session-de-rattrapage\" target=\"_blank\" rel=\"noopener\">Ch\u00e8que \u00e9nergie : session de rattrapage !<\/a> &#8211; \u00a9 Copyright WebLex<\/p>\n<p><img src=\"https:\/\/www.weblex.fr\/sites\/default\/files\/actualites\/images\/prixdelelectricitedomestique.jpg\"><\/p>\n","protected":false},"excerpt":{"rendered":"<p>Pour \u00e9tablir la liste des b\u00e9n\u00e9ficiaires du ch\u00e8que \u00e9nergie, les pouvoirs publics utilisaient jusqu\u2019\u00e0 pr\u00e9sent les informations contenues dans la taxe d\u2019habitation. Or, depuis 2023, cette derni\u00e8re a \u00e9t\u00e9 supprim\u00e9e pour les r\u00e9sidences principales. R\u00e9sultat : des personnes \u00e9ligibles au ch\u00e8que \u00e9nergie ne l\u2019ont pas re\u00e7u. D\u2019o\u00f9 l\u2019ouverture d\u2019un nouveau portail pour corriger la situation\u2026<\/p>\n","protected":false},"featured_media":81906,"template":"","weblex-importer-activity":[],"weblex-importer-category":[62,64],"weblex-importer-tag":[198],"weblex-importer-keyword":[],"_links":{"self":[{"href":"https:\/\/www.secvergnaud.com\/index.php\/wp-json\/wp\/v2\/weblex-importer-post\/81905"}],"collection":[{"href":"https:\/\/www.secvergnaud.com\/index.php\/wp-json\/wp\/v2\/weblex-importer-post"}],"about":[{"href":"https:\/\/www.secvergnaud.com\/index.php\/wp-json\/wp\/v2\/types\/weblex-importer-post"}],"wp:featuredmedia":[{"embeddable":true,"href":"https:\/\/www.secvergnaud.com\/index.php\/wp-json\/wp\/v2\/media\/81906"}],"wp:attachment":[{"href":"https:\/\/www.secvergnaud.com\/index.php\/wp-json\/wp\/v2\/media?parent=81905"}],"wp:term":[{"taxonomy":"weblex-importer-activity","embeddable":true,"href":"https:\/\/www.secvergnaud.com\/index.php\/wp-json\/wp\/v2\/weblex-importer-activity?post=81905"},{"taxonomy":"weblex-importer-category","embeddable":true,"href":"https:\/\/www.secvergnaud.com\/index.php\/wp-json\/wp\/v2\/weblex-importer-category?post=81905"},{"taxonomy":"weblex-importer-tag","embeddable":true,"href":"https:\/\/www.secvergnaud.com\/index.php\/wp-json\/wp\/v2\/weblex-importer-tag?post=81905"},{"taxonomy":"weblex-importer-keyword","embeddable":true,"href":"https:\/\/www.secvergnaud.com\/index.php\/wp-json\/wp\/v2\/weblex-importer-keyword?post=81905"}],"curies":[{"name":"wp","href":"https:\/\/api.w.org\/{rel}","templated":true}]}}