{"id":607,"date":"2021-11-25T00:23:00","date_gmt":"2021-11-24T23:23:00","guid":{"rendered":"https:\/\/www.secvergnaud.com\/index.php\/les-infos-du-jour\/voiture-immobilisee-pas-de-taxe-a-payer\/"},"modified":"2021-12-18T08:19:25","modified_gmt":"2021-12-18T07:19:25","slug":"voiture-immobilisee-pas-de-taxe-a-payer","status":"publish","type":"weblex-importer-post","link":"https:\/\/www.secvergnaud.com\/index.php\/les-infos-du-jour\/voiture-immobilisee-pas-de-taxe-a-payer\/","title":{"rendered":"Voiture immobilis\u00e9e = pas de taxe \u00e0 payer ?"},"content":{"rendered":"<div class=\"quizz\">\n<div class=\"question-quizz\">Une soci\u00e9t\u00e9 est propri\u00e9taire d&rsquo;une voiture pour laquelle l&rsquo;administration fiscale lui r\u00e9clame le paiement de la taxe sur les v\u00e9hicules de soci\u00e9t\u00e9.<\/p>\n<p>Une taxe qu&rsquo;elle n&rsquo;a pas \u00e0 payer, selon elle, parce que la voiture est immobilis\u00e9e depuis 2 ans dans les locaux d&rsquo;un garagiste \u00e0 la suite d&rsquo;un diff\u00e9rend portant sur le r\u00e8glement d&rsquo;une facture.<\/p>\n<p>A tort ou \u00e0 raison ?<\/p><\/div>\n<ul class=\"propal-quizz\">\n<li class=\"quizz-a\"><a href=\"#reponse\">A tort<\/a><\/li>\n<li class=\"quizz-b\"><a href=\"#reponse\">A raison<\/a><\/li>\n<\/ul>\n<div id=\"rna\" class=\"reponse-non-affichee\">La r\u00e9ponse n&rsquo;est pas toujours celle que l&rsquo;on croit&#8230;<\/div>\n<div id=\"reponse\" class=\"reponse-quizz-in\">La bonne r\u00e9ponse est&#8230;<br \/> <span class=\"reponse-a\">A tort<\/span><br \/>Le fait que la voiture soit immobilis\u00e9e n&rsquo;a aucune incidence sur la question de la taxation.<\/p>\n<p>D\u00e8s lors que la soci\u00e9t\u00e9 est propri\u00e9taire d&rsquo;une voiture particuli\u00e8re immatricul\u00e9e \u00e0 son nom, elle doit payer la taxe sur les v\u00e9hicules de soci\u00e9t\u00e9, toutes conditions par ailleurs remplies.<\/p><\/div>\n<\/div>\n","protected":false},"excerpt":{"rendered":"<p>Une soci\u00e9t\u00e9 est propri\u00e9taire d&rsquo;une voiture pour laquelle l&rsquo;administration fiscale lui r\u00e9clame le paiement de la taxe sur les v\u00e9hicules de soci\u00e9t\u00e9.<\/p>\n<p>Une taxe qu&rsquo;elle n&rsquo;a pas \u00e0 payer, selon elle, parce que la voiture est immobilis\u00e9e depuis 2 ans dans les locaux d&rsquo;un garagiste \u00e0 la suite d&rsquo;un diff\u00e9rend portant sur le r\u00e8glement d&rsquo;une facture.<\/p>\n<p>A tort ou \u00e0 raison ?<\/p>\n","protected":false},"featured_media":0,"template":"","weblex-importer-activity":[],"weblex-importer-category":[49],"weblex-importer-tag":[48],"weblex-importer-keyword":[],"_links":{"self":[{"href":"https:\/\/www.secvergnaud.com\/index.php\/wp-json\/wp\/v2\/weblex-importer-post\/607"}],"collection":[{"href":"https:\/\/www.secvergnaud.com\/index.php\/wp-json\/wp\/v2\/weblex-importer-post"}],"about":[{"href":"https:\/\/www.secvergnaud.com\/index.php\/wp-json\/wp\/v2\/types\/weblex-importer-post"}],"wp:attachment":[{"href":"https:\/\/www.secvergnaud.com\/index.php\/wp-json\/wp\/v2\/media?parent=607"}],"wp:term":[{"taxonomy":"weblex-importer-activity","embeddable":true,"href":"https:\/\/www.secvergnaud.com\/index.php\/wp-json\/wp\/v2\/weblex-importer-activity?post=607"},{"taxonomy":"weblex-importer-category","embeddable":true,"href":"https:\/\/www.secvergnaud.com\/index.php\/wp-json\/wp\/v2\/weblex-importer-category?post=607"},{"taxonomy":"weblex-importer-tag","embeddable":true,"href":"https:\/\/www.secvergnaud.com\/index.php\/wp-json\/wp\/v2\/weblex-importer-tag?post=607"},{"taxonomy":"weblex-importer-keyword","embeddable":true,"href":"https:\/\/www.secvergnaud.com\/index.php\/wp-json\/wp\/v2\/weblex-importer-keyword?post=607"}],"curies":[{"name":"wp","href":"https:\/\/api.w.org\/{rel}","templated":true}]}}