{"id":590,"date":"2018-09-26T23:23:00","date_gmt":"2018-09-26T21:23:00","guid":{"rendered":"http:\/\/www.secvergnaud.com\/index.php\/les-infos-du-jour\/2018-pas-dimpot-pas-de-credit-dimpot\/"},"modified":"2018-09-26T23:23:00","modified_gmt":"2018-09-26T21:23:00","slug":"2018-pas-dimpot-pas-de-credit-dimpot","status":"publish","type":"weblex-importer-post","link":"https:\/\/www.secvergnaud.com\/index.php\/les-infos-du-jour\/2018-pas-dimpot-pas-de-credit-dimpot\/","title":{"rendered":"2018 : pas d&#039;imp\u00f4t = pas de cr\u00e9dit d&#039;imp\u00f4t ?"},"content":{"rendered":"<div class=\"quizz\">\n<div class=\"question-quizz\">Un particulier fait r\u00e9guli\u00e8rement appel \u00e0 un jardinier pour effectuer de menus travaux. Les d\u00e9penses qu&rsquo;il engage \u00e0 ce titre lui ouvrent droit au b\u00e9n\u00e9fice du cr\u00e9dit d&rsquo;imp\u00f4t pour l&#8217;emploi d&rsquo;un salari\u00e9 \u00e0 domicile.<\/p>\n<p>Avec la mise en place du pr\u00e9l\u00e8vement \u00e0 la source en janvier 2019, il a entendu dire qu&rsquo;il ne paierait pas d&rsquo;imp\u00f4t sur le montant des revenus per\u00e7us en 2018.<\/p>\n<p>Puisqu&rsquo;il ne devrait pas payer d&rsquo;imp\u00f4t sur ses revenus 2018,  perdra-t-il le b\u00e9n\u00e9fice du cr\u00e9dit d&rsquo;imp\u00f4t li\u00e9 \u00e0 l&#8217;emploi de son jardinier ?<\/p><\/div>\n<ul class=\"propal-quizz\">\n<li class=\"quizz-a\"><a href=\"#reponse\">Oui<\/a><\/li>\n<li class=\"quizz-b\"><a href=\"#reponse\">Non<\/a><\/li>\n<\/ul>\n<div id=\"rna\" class=\"reponse-non-affichee\">La r\u00e9ponse n&rsquo;est pas toujours celle que l&rsquo;on croit&#8230;<\/div>\n<div id=\"reponse\" class=\"reponse-quizz-in\">La bonne r\u00e9ponse est&#8230;<br \/> <span class=\"reponse-b\">Non<\/span><br \/>La mise en place du pr\u00e9l\u00e8vement \u00e0 la source entra\u00eene un risque de double contribution \u00e0 payer en 2019 correspondant d\u2019une part au paiement de l\u2019imp\u00f4t d\u00fb \u00e0 raison des revenus de l\u2019ann\u00e9e 2018 et impos\u00e9s en 2019, et d\u2019autre part au paiement du pr\u00e9l\u00e8vement \u00e0 la source (retenue ou acompte) \u00e0 raison des revenus de l\u2019ann\u00e9e 2019.<\/p>\n<p>Pour \u00e9viter cela, une mesure transitoire a \u00e9t\u00e9 mise en place pour neutraliser l\u2019imposition des revenus de l\u2019ann\u00e9e 2018, tant au niveau de l\u2019imp\u00f4t sur le revenu que des pr\u00e9l\u00e8vements sociaux : il s&rsquo;agit du cr\u00e9dit d&rsquo;imp\u00f4t pour la modernisation du recouvrement (CIMR). Sch\u00e9matiquement, ce CIMR permettra, toutes conditions remplies, de ne pas payer d&rsquo;imp\u00f4t sur les revenus 2018.<\/p>\n<p>La mise en place de ce CIMR pour les revenus de l&rsquo;ann\u00e9e 2018 ne fait pas pour autant perdre le b\u00e9n\u00e9fice des autres cr\u00e9dits et r\u00e9ductions d&rsquo;imp\u00f4t. Ainsi, pour les d\u00e9penses li\u00e9es \u00e0 l&#8217;emploi du jardinier en 2018, et toutes conditions par ailleurs remplies, le particulier b\u00e9n\u00e9ficiera, le 15 janvier 2019, d&rsquo;un acompte de 60 % calcul\u00e9 sur la base du cr\u00e9dit obtenu en N-2, le solde lui \u00e9tant vers\u00e9 \u00e0 l&rsquo;\u00e9t\u00e9 2019.<\/p><\/div>\n<\/div>\n","protected":false},"excerpt":{"rendered":"<p>Un particulier fait r\u00e9guli\u00e8rement appel \u00e0 un jardinier pour effectuer de menus travaux. Les d\u00e9penses qu&rsquo;il engage \u00e0 ce titre lui ouvrent droit au b\u00e9n\u00e9fice du cr\u00e9dit d&rsquo;imp\u00f4t pour l&#8217;emploi d&rsquo;un salari\u00e9 \u00e0 domicile.<\/p>\n<p>Avec la mise en place du pr\u00e9l\u00e8vement \u00e0 la source en janvier 2019, il a entendu dire qu&rsquo;il ne paierait pas d&rsquo;imp\u00f4t sur le montant des revenus per\u00e7us en 2018.<\/p>\n<p>Puisqu&rsquo;il ne devrait pas payer d&rsquo;imp\u00f4t sur ses revenus 2018,  perdra-t-il le b\u00e9n\u00e9fice du cr\u00e9dit d&rsquo;imp\u00f4t li\u00e9 \u00e0 l&#8217;emploi de son jardinier ?<\/p>\n","protected":false},"featured_media":0,"template":"","weblex-importer-activity":[],"weblex-importer-category":[49],"weblex-importer-tag":[48],"weblex-importer-keyword":[],"_links":{"self":[{"href":"https:\/\/www.secvergnaud.com\/index.php\/wp-json\/wp\/v2\/weblex-importer-post\/590"}],"collection":[{"href":"https:\/\/www.secvergnaud.com\/index.php\/wp-json\/wp\/v2\/weblex-importer-post"}],"about":[{"href":"https:\/\/www.secvergnaud.com\/index.php\/wp-json\/wp\/v2\/types\/weblex-importer-post"}],"wp:attachment":[{"href":"https:\/\/www.secvergnaud.com\/index.php\/wp-json\/wp\/v2\/media?parent=590"}],"wp:term":[{"taxonomy":"weblex-importer-activity","embeddable":true,"href":"https:\/\/www.secvergnaud.com\/index.php\/wp-json\/wp\/v2\/weblex-importer-activity?post=590"},{"taxonomy":"weblex-importer-category","embeddable":true,"href":"https:\/\/www.secvergnaud.com\/index.php\/wp-json\/wp\/v2\/weblex-importer-category?post=590"},{"taxonomy":"weblex-importer-tag","embeddable":true,"href":"https:\/\/www.secvergnaud.com\/index.php\/wp-json\/wp\/v2\/weblex-importer-tag?post=590"},{"taxonomy":"weblex-importer-keyword","embeddable":true,"href":"https:\/\/www.secvergnaud.com\/index.php\/wp-json\/wp\/v2\/weblex-importer-keyword?post=590"}],"curies":[{"name":"wp","href":"https:\/\/api.w.org\/{rel}","templated":true}]}}