{"id":523,"date":"2021-06-02T23:23:00","date_gmt":"2021-06-02T21:23:00","guid":{"rendered":"http:\/\/www.secvergnaud.com\/index.php\/les-infos-du-jour\/independants-et-regularisation-des-cotisations-2020-a-payer\/"},"modified":"2021-06-02T23:23:00","modified_gmt":"2021-06-02T21:23:00","slug":"independants-et-regularisation-des-cotisations-2020-a-payer","status":"publish","type":"weblex-importer-post","link":"https:\/\/www.secvergnaud.com\/index.php\/les-infos-du-jour\/independants-et-regularisation-des-cotisations-2020-a-payer\/","title":{"rendered":"Ind\u00e9pendants et r\u00e9gularisation des cotisations 2020 : \u00e0 payer !"},"content":{"rendered":"<div class=\"quizz\">\n<div class=\"question-quizz\">\n<p>Petite question du jour :<\/p>\n<p>Un travailleur ind\u00e9pendant se rend compte que le montant des cotisations sociales qu\u2019il doit finalement payer pour l&rsquo;ann\u00e9e 2020 est sup\u00e9rieur \u00e0 ce qu&rsquo;il a vers\u00e9 \u00e0 titre provisionnel.<\/p>\n<p>Comme il en a la possibilit\u00e9, il n\u00e9gocie un \u00e9ch\u00e9ancier pour faciliter le paiement de la r\u00e9gularisation demand\u00e9e.<\/p>\n<p>Une interrogation subsiste toutefois : devra-t-il aussi payer des int\u00e9r\u00eats de retard ? <\/p><\/div>\n<ul class=\"propal-quizz\">\n<li class=\"quizz-a\"><a href=\"#reponse\">Oui<\/a><\/li>\n<li class=\"quizz-b\"><a href=\"#reponse\">Non<\/a><\/li>\n<\/ul>\n<div id=\"rna\" class=\"reponse-non-affichee\">La r\u00e9ponse n&rsquo;est pas toujours celle que l&rsquo;on croit&#8230;<\/div>\n<div id=\"reponse\" class=\"reponse-quizz-in\">La bonne r\u00e9ponse est&#8230;<br \/> <span class=\"reponse-b\">Non<\/span><br \/>Dans la situation o\u00f9 le montant de ses cotisations d\u00e9finitives 2020 est sup\u00e9rieur au montant des cotisations provisionnelles, le travailleur ind\u00e9pendant devra s\u2019acquitter d\u2019un compl\u00e9ment de cotisations sociales. Le compl\u00e9ment de cotisations d\u00fb sera r\u00e9parti sur les \u00e9ch\u00e9ances de cotisations restant \u00e0 payer jusqu\u2019\u00e0 la fin de l\u2019ann\u00e9e 2021.<\/p>\n<p>L&rsquo;Urssaf pr\u00e9voit de proposer automatiquement un \u00e9ch\u00e9ancier afin d\u2019\u00e9chelonner le paiement de ce compl\u00e9ment au-del\u00e0 de 2021, dans le cas o\u00f9 le montant de la r\u00e9gularisation occasionne une difficult\u00e9 de tr\u00e9sorerie (jusqu&rsquo;\u00e0 36 mois selon les situations).<\/p>\n<p>Le calendrier de transmission des \u00e9ch\u00e9anciers, fix\u00e9 par l\u2019Urssaf, est le suivant :<\/p>\n<p>   &#8211;\t   pour les travailleurs ind\u00e9pendants connaissant une r\u00e9gularisation d\u00e9bitrice importante, les \u00e9ch\u00e9anciers seront envoy\u00e9s de juillet \u00e0 septembre 2021, pour une 1re \u00e9ch\u00e9ance de paiement \u00e0 compter de septembre 2021 ;<\/p>\n<p>   &#8211;\t   pour les travailleurs ind\u00e9pendants qui ne subissent pas de r\u00e9gularisation d\u00e9bitrice importante, l\u2019Urssaf enverra les \u00e9ch\u00e9anciers de septembre \u00e0 d\u00e9cembre 2021, pour une 1re \u00e9ch\u00e9ance de paiement \u00e0 compter de novembre 2021.<\/p>\n<p>Cependant, quelle que soit leur situation, les travailleurs ind\u00e9pendants pourront, \u00e0 la r\u00e9ception de leur \u00e9ch\u00e9ancier, contacter l\u2019Urssaf pour en n\u00e9gocier les modalit\u00e9s. Ces derniers auront ainsi notamment la possibilit\u00e9 de d\u00e9caler la date de d\u00e9marrage de l\u2019\u00e9ch\u00e9ancier ou encore d\u2019en raccourcir (ou prolonger) la dur\u00e9e.<\/p>\n<p>Ces adaptations ne donneront lieu \u00e0 aucune p\u00e9nalit\u00e9 ou majoration de retard.<\/p><\/div>\n<\/div>\n","protected":false},"excerpt":{"rendered":"<p>Petite question du jour :<\/p>\n<p>Un travailleur ind\u00e9pendant se rend compte que le montant des cotisations sociales qu\u2019il doit finalement payer pour l&rsquo;ann\u00e9e 2020 est sup\u00e9rieur \u00e0 ce qu&rsquo;il a vers\u00e9 \u00e0 titre provisionnel.<\/p>\n<p>Comme il en a la possibilit\u00e9, il n\u00e9gocie un \u00e9ch\u00e9ancier pour faciliter le paiement de la r\u00e9gularisation demand\u00e9e.<\/p>\n<p>Une interrogation subsiste toutefois : devra-t-il aussi payer des int\u00e9r\u00eats de retard ? <\/p>\n","protected":false},"featured_media":0,"template":"","weblex-importer-activity":[],"weblex-importer-category":[49],"weblex-importer-tag":[48],"weblex-importer-keyword":[],"_links":{"self":[{"href":"https:\/\/www.secvergnaud.com\/index.php\/wp-json\/wp\/v2\/weblex-importer-post\/523"}],"collection":[{"href":"https:\/\/www.secvergnaud.com\/index.php\/wp-json\/wp\/v2\/weblex-importer-post"}],"about":[{"href":"https:\/\/www.secvergnaud.com\/index.php\/wp-json\/wp\/v2\/types\/weblex-importer-post"}],"wp:attachment":[{"href":"https:\/\/www.secvergnaud.com\/index.php\/wp-json\/wp\/v2\/media?parent=523"}],"wp:term":[{"taxonomy":"weblex-importer-activity","embeddable":true,"href":"https:\/\/www.secvergnaud.com\/index.php\/wp-json\/wp\/v2\/weblex-importer-activity?post=523"},{"taxonomy":"weblex-importer-category","embeddable":true,"href":"https:\/\/www.secvergnaud.com\/index.php\/wp-json\/wp\/v2\/weblex-importer-category?post=523"},{"taxonomy":"weblex-importer-tag","embeddable":true,"href":"https:\/\/www.secvergnaud.com\/index.php\/wp-json\/wp\/v2\/weblex-importer-tag?post=523"},{"taxonomy":"weblex-importer-keyword","embeddable":true,"href":"https:\/\/www.secvergnaud.com\/index.php\/wp-json\/wp\/v2\/weblex-importer-keyword?post=523"}],"curies":[{"name":"wp","href":"https:\/\/api.w.org\/{rel}","templated":true}]}}