{"id":36427,"date":"2023-08-18T00:00:00","date_gmt":"2023-08-17T22:00:00","guid":{"rendered":"https:\/\/www.secvergnaud.com\/index.php\/les-infos-du-jour\/indice-de-la-frequentation-touristique-des-hotels-annee-2023-3\/"},"modified":"2023-08-18T00:00:00","modified_gmt":"2023-08-17T22:00:00","slug":"indice-de-la-frequentation-touristique-des-hotels-annee-2023-3","status":"publish","type":"weblex-importer-post","link":"https:\/\/www.secvergnaud.com\/index.php\/les-infos-du-jour\/indice-de-la-frequentation-touristique-des-hotels-annee-2023-3\/","title":{"rendered":"Indice de la fr\u00e9quentation touristique des h\u00f4tels &#8211; Ann\u00e9e 2023"},"content":{"rendered":"<div>\n<p>Indice de la fr\u00e9quentation touristique des h\u00e9bergements collectifs touristiques (r\u00e9f\u00e9rence 100 en 2015)<\/p>\n<table border=\"1\" cellpadding=\"0\" cellspacing=\"0\">\n<tbody>\n<tr>\n<td width=\"343\">\n<p><strong>P\u00e9riode<\/strong><\/p>\n<\/td>\n<td width=\"116\">\n<p><strong>Nuit\u00e9es du trimestre (en millions)<\/strong><\/p>\n<\/td>\n<td width=\"127\">\n<p><strong>Variation annuelle par rapport&nbsp;(en %)<\/strong><\/p>\n<\/td>\n<\/tr>\n<tr>\n<td valign=\"top\" width=\"343\">\n<p>4e trimestre 2023<\/p>\n<\/td>\n<td width=\"116\">\n<p>&nbsp;<\/p>\n<\/td>\n<td width=\"127\">\n<p>&nbsp;<\/p>\n<\/td>\n<\/tr>\n<tr>\n<td valign=\"top\" width=\"343\">\n<p>3e trimestre 2023<\/p>\n<\/td>\n<td width=\"116\">\n<p>&nbsp;<\/p>\n<\/td>\n<td width=\"127\">\n<p>&nbsp;<\/p>\n<\/td>\n<\/tr>\n<tr>\n<td valign=\"top\" width=\"343\">\n<p>2e trimestre 2023<\/p>\n<\/td>\n<td width=\"116\">\n<p>60,0<\/p>\n<\/td>\n<td width=\"127\">\n<p>+4,8<\/p>\n<\/td>\n<\/tr>\n<tr>\n<td valign=\"top\" width=\"343\">\n<p>1er trimestre 2023*<\/p>\n<\/td>\n<td width=\"116\">\n<p>42,6<\/p>\n<\/td>\n<td width=\"127\">\n<p>+19,2<\/p>\n<\/td>\n<\/tr>\n<\/tbody>\n<\/table>\n<p>* donn\u00e9es d\u00e9finitives jusqu\u2019en mai 2023, provisoires pour juin 2023.<\/p>\n<p>&nbsp;<\/p>\n<p><strong>Source :<\/strong><strong>\u00a0<\/strong><\/p>\n<ul>\n<li><a href=\"https:\/\/www.insee.fr\/fr\/statistiques\/7658360\" target=\"_blank\" rel=\"noopener\">Indice de la fr\u00e9quentation des h\u00e9bergements collectifs touristiques \u2013 2e&nbsp;trimestre 2023<\/a> (insee.fr)<\/li>\n<\/ul>\n<\/div>\n","protected":false},"excerpt":{"rendered":"<p>Indice de la fr\u00e9quentation touristique des h\u00e9bergements collectifs touristiques (r\u00e9f\u00e9rence 100 en 2015) P\u00e9riode Nuit\u00e9es du trimestre (en millions) Variation annuelle par rapport&nbsp;(en %) 4e trimestre 2023 &nbsp; &nbsp; 3e trimestre 2023 &nbsp; &nbsp; 2e trimestre 2023 60,0 +4,8 1er trimestre 2023* 42,6 +19,2 * donn\u00e9es d\u00e9finitives jusqu\u2019en mai 2023, provisoires pour juin 2023. &nbsp; [&hellip;]<\/p>\n","protected":false},"featured_media":0,"template":"","weblex-importer-activity":[],"weblex-importer-category":[185,39],"weblex-importer-tag":[283],"weblex-importer-keyword":[],"_links":{"self":[{"href":"https:\/\/www.secvergnaud.com\/index.php\/wp-json\/wp\/v2\/weblex-importer-post\/36427"}],"collection":[{"href":"https:\/\/www.secvergnaud.com\/index.php\/wp-json\/wp\/v2\/weblex-importer-post"}],"about":[{"href":"https:\/\/www.secvergnaud.com\/index.php\/wp-json\/wp\/v2\/types\/weblex-importer-post"}],"wp:attachment":[{"href":"https:\/\/www.secvergnaud.com\/index.php\/wp-json\/wp\/v2\/media?parent=36427"}],"wp:term":[{"taxonomy":"weblex-importer-activity","embeddable":true,"href":"https:\/\/www.secvergnaud.com\/index.php\/wp-json\/wp\/v2\/weblex-importer-activity?post=36427"},{"taxonomy":"weblex-importer-category","embeddable":true,"href":"https:\/\/www.secvergnaud.com\/index.php\/wp-json\/wp\/v2\/weblex-importer-category?post=36427"},{"taxonomy":"weblex-importer-tag","embeddable":true,"href":"https:\/\/www.secvergnaud.com\/index.php\/wp-json\/wp\/v2\/weblex-importer-tag?post=36427"},{"taxonomy":"weblex-importer-keyword","embeddable":true,"href":"https:\/\/www.secvergnaud.com\/index.php\/wp-json\/wp\/v2\/weblex-importer-keyword?post=36427"}],"curies":[{"name":"wp","href":"https:\/\/api.w.org\/{rel}","templated":true}]}}