{"id":363,"date":"2021-01-25T01:26:00","date_gmt":"2021-01-25T00:26:00","guid":{"rendered":"http:\/\/www.secvergnaud.com\/index.php\/les-infos-du-jour\/interdictions-complementaires-de-circulation-des-vehicules-de-transport-de-marchandises-pour-lannee-2021\/"},"modified":"2021-01-25T01:26:00","modified_gmt":"2021-01-25T00:26:00","slug":"interdictions-complementaires-de-circulation-des-vehicules-de-transport-de-marchandises-pour-lannee-2021","status":"publish","type":"weblex-importer-post","link":"https:\/\/www.secvergnaud.com\/index.php\/les-infos-du-jour\/interdictions-complementaires-de-circulation-des-vehicules-de-transport-de-marchandises-pour-lannee-2021\/","title":{"rendered":"Interdictions compl\u00e9mentaires de circulation des v\u00e9hicules de transport de marchandises pour l\u2019ann\u00e9e 2021"},"content":{"rendered":"<div>\n<p>Pour les v\u00e9hicules ou ensembles de v\u00e9hicules de plus de 7,5 tonnes de poids total autoris\u00e9 en charge affect\u00e9s aux transports routiers de marchandises, la circulation est interdite en p\u00e9riode estivale, de 7 heures \u00e0 19 heures, sur l&rsquo;ensemble du r\u00e9seau routier, les samedis 24 juillet, 31 juillet, 7 ao\u00fbt, 14 ao\u00fbt et 21 ao\u00fbt 2021. La circulation est autoris\u00e9e de 19 heures \u00e0 24 heures les samedis concern\u00e9s.<\/p>\n<p><span style=\"text-decoration: underline\">Sources :<\/span>\u00a0<\/p>\n<ul>\n<li><a href=\"https:\/\/www.legifrance.gouv.fr\/jorf\/id\/JORFTEXT000042845889\" target=\"_blank\" rel=\"noopener noreferrer\">Arr\u00eat\u00e9 du 22 d\u00e9cembre 2020 relatif aux interdictions compl\u00e9mentaires de circulation des v\u00e9hicules de transport de marchandises pour l&rsquo;ann\u00e9e 2021<\/a><\/li>\n<li><a href=\"https:\/\/www.legifrance.gouv.fr\/jorf\/id\/JORFTEXT000043096923\" target=\"_blank\" rel=\"noopener noreferrer\">Arr\u00eat\u00e9 du 4 f\u00e9vrier 2021 modifiant l&rsquo;arr\u00eat\u00e9 du 22 d\u00e9cembre 2020 relatif aux interdictions compl\u00e9mentaires de circulation des v\u00e9hicules de transport de marchandises pour l&rsquo;ann\u00e9e 2021<\/a><\/li>\n<\/ul>\n<\/div>\n","protected":false},"excerpt":{"rendered":"<p>Pour les v\u00e9hicules ou ensembles de v\u00e9hicules de plus de 7,5 tonnes de poids total autoris\u00e9 en charge affect\u00e9s aux transports routiers de marchandises, la circulation est interdite en p\u00e9riode estivale, de 7 heures \u00e0 19 heures, sur l&rsquo;ensemble du r\u00e9seau routier, les samedis 24 juillet, 31 juillet, 7 ao\u00fbt, 14 ao\u00fbt et 21 ao\u00fbt [&hellip;]<\/p>\n","protected":false},"featured_media":0,"template":"","weblex-importer-activity":[],"weblex-importer-category":[40,39],"weblex-importer-tag":[38],"weblex-importer-keyword":[],"_links":{"self":[{"href":"https:\/\/www.secvergnaud.com\/index.php\/wp-json\/wp\/v2\/weblex-importer-post\/363"}],"collection":[{"href":"https:\/\/www.secvergnaud.com\/index.php\/wp-json\/wp\/v2\/weblex-importer-post"}],"about":[{"href":"https:\/\/www.secvergnaud.com\/index.php\/wp-json\/wp\/v2\/types\/weblex-importer-post"}],"wp:attachment":[{"href":"https:\/\/www.secvergnaud.com\/index.php\/wp-json\/wp\/v2\/media?parent=363"}],"wp:term":[{"taxonomy":"weblex-importer-activity","embeddable":true,"href":"https:\/\/www.secvergnaud.com\/index.php\/wp-json\/wp\/v2\/weblex-importer-activity?post=363"},{"taxonomy":"weblex-importer-category","embeddable":true,"href":"https:\/\/www.secvergnaud.com\/index.php\/wp-json\/wp\/v2\/weblex-importer-category?post=363"},{"taxonomy":"weblex-importer-tag","embeddable":true,"href":"https:\/\/www.secvergnaud.com\/index.php\/wp-json\/wp\/v2\/weblex-importer-tag?post=363"},{"taxonomy":"weblex-importer-keyword","embeddable":true,"href":"https:\/\/www.secvergnaud.com\/index.php\/wp-json\/wp\/v2\/weblex-importer-keyword?post=363"}],"curies":[{"name":"wp","href":"https:\/\/api.w.org\/{rel}","templated":true}]}}