{"id":357,"date":"2021-01-26T01:26:00","date_gmt":"2021-01-26T00:26:00","guid":{"rendered":"http:\/\/www.secvergnaud.com\/index.php\/les-infos-du-jour\/indice-du-climat-des-affaires-dans-le-commerce-de-gros-annee-2021\/"},"modified":"2021-01-26T01:26:00","modified_gmt":"2021-01-26T00:26:00","slug":"indice-du-climat-des-affaires-dans-le-commerce-de-gros-annee-2021","status":"publish","type":"weblex-importer-post","link":"https:\/\/www.secvergnaud.com\/index.php\/les-infos-du-jour\/indice-du-climat-des-affaires-dans-le-commerce-de-gros-annee-2021\/","title":{"rendered":"Indice du climat des affaires dans le commerce de gros &#8211; Ann\u00e9e 2021"},"content":{"rendered":"<div>\n<p>Indice du climat des affaires dans le commerce de gros (r\u00e9f\u00e9rence 100 en 1979)<\/p>\n<p><span style=\"text-decoration: underline\"><em><strong>Enqu\u00eate bimestrielle<\/strong><\/em><\/span><\/p>\n<table style=\"width: 604px\" border=\"1\" cellspacing=\"0\" cellpadding=\"0\">\n<tbody>\n<tr>\n<td valign=\"top\" width=\"236\">\n<p><strong>P\u00e9riode<\/strong><\/p>\n<\/td>\n<td valign=\"top\" width=\"369\">\n<p><strong>Indice<\/strong><\/p>\n<\/td>\n<\/tr>\n<tr>\n<td valign=\"top\" width=\"236\">\n<p>Novembre 2021<\/p>\n<\/td>\n<td valign=\"top\" width=\"369\">\n<p>\u00a0114\u00a0<\/p>\n<\/td>\n<\/tr>\n<tr>\n<td valign=\"top\" width=\"236\">\n<p>Septembre 2021<\/p>\n<\/td>\n<td valign=\"top\" width=\"369\">\n<p>\u00a0109\u00a0<\/p>\n<\/td>\n<\/tr>\n<tr>\n<td valign=\"top\" width=\"236\">\n<p>Juillet 2021<\/p>\n<\/td>\n<td valign=\"top\" width=\"369\">\n<p>\u00a0113\u00a0<\/p>\n<\/td>\n<\/tr>\n<tr>\n<td valign=\"top\" width=\"236\">\n<p>Mai 2021<\/p>\n<\/td>\n<td valign=\"top\" width=\"369\">\n<p>\u00a0109\u00a0<\/p>\n<\/td>\n<\/tr>\n<tr>\n<td valign=\"top\" width=\"236\">\n<p>Mars 2021<\/p>\n<\/td>\n<td valign=\"top\" width=\"369\">\n<p>99<\/p>\n<\/td>\n<\/tr>\n<tr>\n<td valign=\"top\" width=\"236\">\n<p>Janvier 2021<\/p>\n<\/td>\n<td valign=\"top\" width=\"369\">\n<p>95<\/p>\n<\/td>\n<\/tr>\n<\/tbody>\n<\/table>\n<p><\/p>\n<p><span style=\"text-decoration: underline\"><em><strong>Historique<\/strong><\/em><\/span><\/p>\n<table style=\"width: 604px\" border=\"1\" cellspacing=\"0\" cellpadding=\"0\">\n<tbody>\n<tr>\n<td valign=\"top\" width=\"236\">\n<p><strong>P\u00e9riode<\/strong><\/p>\n<\/td>\n<td valign=\"top\" width=\"369\">\n<p><strong>Indice<\/strong><\/p>\n<\/td>\n<\/tr>\n<tr>\n<td valign=\"top\" width=\"236\">\n<p>Novembre 2020<\/p>\n<\/td>\n<td valign=\"top\" width=\"369\">\n<p>86<\/p>\n<\/td>\n<\/tr>\n<tr>\n<td valign=\"top\" width=\"236\">\n<p>Septembre 2020<\/p>\n<\/td>\n<td valign=\"top\" width=\"369\">\n<p>90<\/p>\n<\/td>\n<\/tr>\n<tr>\n<td valign=\"top\" width=\"236\">\n<p>Juillet 2020<\/p>\n<\/td>\n<td valign=\"top\" width=\"369\">\n<p>79<\/p>\n<\/td>\n<\/tr>\n<tr>\n<td valign=\"top\" width=\"236\">\n<p>Mai 2020<\/p>\n<\/td>\n<td valign=\"top\" width=\"369\">\n<p>67<\/p>\n<\/td>\n<\/tr>\n<tr>\n<td valign=\"top\" width=\"236\">\n<p>Mars 2020<\/p>\n<\/td>\n<td valign=\"top\" width=\"369\">\n<p>97<\/p>\n<\/td>\n<\/tr>\n<tr>\n<td valign=\"top\" width=\"236\">\n<p>Janvier 2020<\/p>\n<\/td>\n<td valign=\"top\" width=\"369\">\n<p>104<\/p>\n<\/td>\n<\/tr>\n<\/tbody>\n<\/table>\n<p><span style=\"text-decoration: underline\"><br \/>Source :<\/span> <a href=\"https:\/\/www.insee.fr\/fr\/accueil\" target=\"_blank\" rel=\"noopener noreferrer\">www.insee.fr<\/a> (indicateurs de conjonctures)<\/p>\n<\/div>\n","protected":false},"excerpt":{"rendered":"<p>Indice du climat des affaires dans le commerce de gros (r\u00e9f\u00e9rence 100 en 1979) Enqu\u00eate bimestrielle P\u00e9riode Indice Novembre 2021 \u00a0114\u00a0 Septembre 2021 \u00a0109\u00a0 Juillet 2021 \u00a0113\u00a0 Mai 2021 \u00a0109\u00a0 Mars 2021 99 Janvier 2021 95 Historique P\u00e9riode Indice Novembre 2020 86 Septembre 2020 90 Juillet 2020 79 Mai 2020 67 Mars 2020 97 Janvier [&hellip;]<\/p>\n","protected":false},"featured_media":0,"template":"","weblex-importer-activity":[],"weblex-importer-category":[40,39],"weblex-importer-tag":[38],"weblex-importer-keyword":[],"_links":{"self":[{"href":"https:\/\/www.secvergnaud.com\/index.php\/wp-json\/wp\/v2\/weblex-importer-post\/357"}],"collection":[{"href":"https:\/\/www.secvergnaud.com\/index.php\/wp-json\/wp\/v2\/weblex-importer-post"}],"about":[{"href":"https:\/\/www.secvergnaud.com\/index.php\/wp-json\/wp\/v2\/types\/weblex-importer-post"}],"wp:attachment":[{"href":"https:\/\/www.secvergnaud.com\/index.php\/wp-json\/wp\/v2\/media?parent=357"}],"wp:term":[{"taxonomy":"weblex-importer-activity","embeddable":true,"href":"https:\/\/www.secvergnaud.com\/index.php\/wp-json\/wp\/v2\/weblex-importer-activity?post=357"},{"taxonomy":"weblex-importer-category","embeddable":true,"href":"https:\/\/www.secvergnaud.com\/index.php\/wp-json\/wp\/v2\/weblex-importer-category?post=357"},{"taxonomy":"weblex-importer-tag","embeddable":true,"href":"https:\/\/www.secvergnaud.com\/index.php\/wp-json\/wp\/v2\/weblex-importer-tag?post=357"},{"taxonomy":"weblex-importer-keyword","embeddable":true,"href":"https:\/\/www.secvergnaud.com\/index.php\/wp-json\/wp\/v2\/weblex-importer-keyword?post=357"}],"curies":[{"name":"wp","href":"https:\/\/api.w.org\/{rel}","templated":true}]}}