{"id":2821,"date":"2022-06-24T05:46:00","date_gmt":"2022-06-24T03:46:00","guid":{"rendered":"https:\/\/www.secvergnaud.com\/index.php\/les-infos-du-jour\/association-de-defense-des-consommateurs-sans-frontiere\/"},"modified":"2022-06-24T05:46:00","modified_gmt":"2022-06-24T03:46:00","slug":"association-de-defense-des-consommateurs-sans-frontiere","status":"publish","type":"weblex-importer-post","link":"https:\/\/www.secvergnaud.com\/index.php\/les-infos-du-jour\/association-de-defense-des-consommateurs-sans-frontiere\/","title":{"rendered":"Association de d\u00e9fense des consommateurs : sans fronti\u00e8re ?"},"content":{"rendered":"<div>\n<h2>Association : un int\u00e9r\u00eat \u00e0 agir national<\/h2>\n<p>Une association de d\u00e9fense des consommateurs agr\u00e9\u00e9e par le pr\u00e9fet du d\u00e9partement de l\u2019Essonne engage une action contre des constructeurs implant\u00e9s dans la r\u00e9gion lyonnaise qui recourent, selon elle, \u00e0 des clauses abusives.<\/p>\n<p>\u00ab Impossible \u00bb, estiment ces constructeurs, pour qui l\u2019association ne peut agir qu\u2019au niveau de son d\u00e9partement d\u2019agr\u00e9ment, \u00e0 savoir l\u2019Essonne.<\/p>\n<p>\u00ab Possible \u00bb, r\u00e9pond l\u2019association : ayant pour objet statutaire d&rsquo;assurer la d\u00e9fense et la repr\u00e9sentation des int\u00e9r\u00eats g\u00e9n\u00e9raux de toutes les familles, en particulier en leurs qualit\u00e9s de consommatrices, sans limite au territoire du d\u00e9partement dans lequel elle a re\u00e7u son agr\u00e9ment, elle peut donc agir contre les constructeurs situ\u00e9s dans un autre d\u00e9partement.<\/p>\n<p>Ce que confirme le juge : l\u2019action de l\u2019association contre les constructeurs est bel et bien recevable.<\/p>\n<p>Source : Arr\u00eat de la Cour de cassation, 1re chambre civile, du 15 juin 2022, n\u00b0 18-16968<\/p>\n<p><a href=\"https:\/\/www.weblex.fr\/weblex-actualite\/association-de-defense-des-consommateurs-sans-frontiere\" rel=\"nofollow noopener\" target=\"_blank\">Association de d\u00e9fense des consommateurs : sans fronti\u00e8re ?<\/a> \u00a9 Copyright WebLex &#8211; 2022<\/p>\n<\/div>\n","protected":false},"excerpt":{"rendered":"<p>Une association agr\u00e9\u00e9e par un pr\u00e9fet de d\u00e9partement pour d\u00e9fendre les consommateurs a-t-elle un int\u00e9r\u00eat \u00e0 agir en justice au niveau du seul d\u00e9partement ou peut-elle \u00e9galement agir au niveau national ? R\u00e9ponse\u2026<\/p>\n","protected":false},"featured_media":2822,"template":"","weblex-importer-activity":[],"weblex-importer-category":[62,63],"weblex-importer-tag":[61],"weblex-importer-keyword":[],"_links":{"self":[{"href":"https:\/\/www.secvergnaud.com\/index.php\/wp-json\/wp\/v2\/weblex-importer-post\/2821"}],"collection":[{"href":"https:\/\/www.secvergnaud.com\/index.php\/wp-json\/wp\/v2\/weblex-importer-post"}],"about":[{"href":"https:\/\/www.secvergnaud.com\/index.php\/wp-json\/wp\/v2\/types\/weblex-importer-post"}],"wp:featuredmedia":[{"embeddable":true,"href":"https:\/\/www.secvergnaud.com\/index.php\/wp-json\/wp\/v2\/media\/2822"}],"wp:attachment":[{"href":"https:\/\/www.secvergnaud.com\/index.php\/wp-json\/wp\/v2\/media?parent=2821"}],"wp:term":[{"taxonomy":"weblex-importer-activity","embeddable":true,"href":"https:\/\/www.secvergnaud.com\/index.php\/wp-json\/wp\/v2\/weblex-importer-activity?post=2821"},{"taxonomy":"weblex-importer-category","embeddable":true,"href":"https:\/\/www.secvergnaud.com\/index.php\/wp-json\/wp\/v2\/weblex-importer-category?post=2821"},{"taxonomy":"weblex-importer-tag","embeddable":true,"href":"https:\/\/www.secvergnaud.com\/index.php\/wp-json\/wp\/v2\/weblex-importer-tag?post=2821"},{"taxonomy":"weblex-importer-keyword","embeddable":true,"href":"https:\/\/www.secvergnaud.com\/index.php\/wp-json\/wp\/v2\/weblex-importer-keyword?post=2821"}],"curies":[{"name":"wp","href":"https:\/\/api.w.org\/{rel}","templated":true}]}}