{"id":2794,"date":"2022-06-23T05:47:00","date_gmt":"2022-06-23T03:47:00","guid":{"rendered":"https:\/\/www.secvergnaud.com\/index.php\/les-infos-du-jour\/fourriere-et-vehicules-abandonnes-du-nouveau-au-1er-juillet-2022\/"},"modified":"2022-06-23T05:47:00","modified_gmt":"2022-06-23T03:47:00","slug":"fourriere-et-vehicules-abandonnes-du-nouveau-au-1er-juillet-2022","status":"publish","type":"weblex-importer-post","link":"https:\/\/www.secvergnaud.com\/index.php\/les-infos-du-jour\/fourriere-et-vehicules-abandonnes-du-nouveau-au-1er-juillet-2022\/","title":{"rendered":"Fourri\u00e8re et v\u00e9hicules \u00ab abandonn\u00e9s \u00bb : du nouveau au 1er juillet 2022"},"content":{"rendered":"<div>\n<h2> V\u00e9hicules \u00ab abandonn\u00e9s \u00bb : les crit\u00e8res \u00e9voluent<\/h2>\n<p>Pour rappel, la r\u00e8glementation pr\u00e9voit que les v\u00e9hicules mis en fourri\u00e8re que leurs propri\u00e9taires ne sont pas venus r\u00e9cup\u00e9rer \u00e0 l\u2019issue d\u2019un d\u00e9lai de 15 jours sont consid\u00e9r\u00e9s comme \u00ab abandonn\u00e9s \u00bb et laiss\u00e9s en fourri\u00e8re en vue de leur vente ult\u00e9rieure ou de leur destruction.<\/p>\n<p>Le d\u00e9lai \u00e0 l\u2019issue duquel le v\u00e9hicule est consid\u00e9r\u00e9 comme \u00ab abandonn\u00e9 \u00bb, puis d\u00e9truit, est r\u00e9duit \u00e0 10 jours pour les v\u00e9hicules de faible valeur marchande, parmi lesquels figurent :<\/p>\n<ul>\n<li>tout v\u00e9hicule de genre VP (pour v\u00e9hicule particulier) \u00e2g\u00e9 de plus de 13 ans et de moins de 30 ans, \u00e0 l\u2019exception toutefois des v\u00e9hicules de marque premium ou de carrosserie cabriolet ou dont les 2 essieux sont des essieux moteurs (dits 4X4) ;<\/li>\n<li>tout v\u00e9hicule de genre CTTE (v\u00e9hicule utilitaire) \u00e2g\u00e9 de plus de 12 ans.<\/li>\n<\/ul>\n<p>Ces 2 dispositions viennent d\u2019\u00eatre r\u00e9am\u00e9nag\u00e9es, et pr\u00e9voient d\u00e9sormais que ce d\u00e9lai de 10 jours est applicable \u00e0 :<\/p>\n<ul>\n<li>tout v\u00e9hicule de genre VP \u00e2g\u00e9 de plus de 12 ans (sans limitation d\u2019\u00e2ge maximal) \u00e0 l\u2019exception des seuls v\u00e9hicules de marque premium ;<\/li>\n<li>tout v\u00e9hicule de genre CTTE \u00e2g\u00e9 de plus de 10 ans.<\/li>\n<\/ul>\n<p>Ces dispositions s\u2019appliqueront \u00e0 compter du 1er juillet 2022 aux seuls v\u00e9hicules entr\u00e9s en fourri\u00e8re \u00e0 compter de la m\u00eame date.<\/p>\n<p>Source : Arr\u00eat\u00e9 du 10 juin 2022 portant modification de l&rsquo;article A. 325-14 du code de la route<\/p>\n<p><a href=\"https:\/\/www.weblex.fr\/weblex-actualite\/fourriere-et-vehicules-abandonnes-du-nouveau-au-1er-juillet-2022\" rel=\"nofollow noopener\" target=\"_blank\">Fourri\u00e8re et v\u00e9hicules \u00ab abandonn\u00e9s \u00bb : du nouveau au 1er juillet 2022<\/a> \u00a9 Copyright WebLex &#8211; 2022<\/p>\n<\/div>\n","protected":false},"excerpt":{"rendered":"<p>Les v\u00e9hicules consid\u00e9r\u00e9s comme \u00ab abandonn\u00e9s \u00bb en fourri\u00e8re font l\u2019objet de r\u00e8gles particuli\u00e8res, qui viennent d\u2019\u00eatre r\u00e9am\u00e9nag\u00e9es. A quel(s) niveau(x) exactement ?<\/p>\n","protected":false},"featured_media":2795,"template":"","weblex-importer-activity":[],"weblex-importer-category":[62,63],"weblex-importer-tag":[61],"weblex-importer-keyword":[],"_links":{"self":[{"href":"https:\/\/www.secvergnaud.com\/index.php\/wp-json\/wp\/v2\/weblex-importer-post\/2794"}],"collection":[{"href":"https:\/\/www.secvergnaud.com\/index.php\/wp-json\/wp\/v2\/weblex-importer-post"}],"about":[{"href":"https:\/\/www.secvergnaud.com\/index.php\/wp-json\/wp\/v2\/types\/weblex-importer-post"}],"wp:featuredmedia":[{"embeddable":true,"href":"https:\/\/www.secvergnaud.com\/index.php\/wp-json\/wp\/v2\/media\/2795"}],"wp:attachment":[{"href":"https:\/\/www.secvergnaud.com\/index.php\/wp-json\/wp\/v2\/media?parent=2794"}],"wp:term":[{"taxonomy":"weblex-importer-activity","embeddable":true,"href":"https:\/\/www.secvergnaud.com\/index.php\/wp-json\/wp\/v2\/weblex-importer-activity?post=2794"},{"taxonomy":"weblex-importer-category","embeddable":true,"href":"https:\/\/www.secvergnaud.com\/index.php\/wp-json\/wp\/v2\/weblex-importer-category?post=2794"},{"taxonomy":"weblex-importer-tag","embeddable":true,"href":"https:\/\/www.secvergnaud.com\/index.php\/wp-json\/wp\/v2\/weblex-importer-tag?post=2794"},{"taxonomy":"weblex-importer-keyword","embeddable":true,"href":"https:\/\/www.secvergnaud.com\/index.php\/wp-json\/wp\/v2\/weblex-importer-keyword?post=2794"}],"curies":[{"name":"wp","href":"https:\/\/api.w.org\/{rel}","templated":true}]}}