{"id":2788,"date":"2022-06-22T05:47:00","date_gmt":"2022-06-22T03:47:00","guid":{"rendered":"https:\/\/www.secvergnaud.com\/index.php\/les-infos-du-jour\/relations-commerciales-une-rupture-brutale\/"},"modified":"2022-06-22T05:47:00","modified_gmt":"2022-06-22T03:47:00","slug":"relations-commerciales-une-rupture-brutale","status":"publish","type":"weblex-importer-post","link":"https:\/\/www.secvergnaud.com\/index.php\/les-infos-du-jour\/relations-commerciales-une-rupture-brutale\/","title":{"rendered":"Relations commerciales : une rupture \u00ab brutale \u00bb ?"},"content":{"rendered":"<div>\n<h2> Rupture des relations commerciales : indemnisable, si, et seulement si\u2026<\/h2>\n<p>Une soci\u00e9t\u00e9 sp\u00e9cialis\u00e9e dans la distribution de produits de boulangerie et de p\u00e2tisserie entretient une relation commerciale suivie avec un fournisseur.<\/p>\n<p>Apr\u00e8s plus de 10 ans de collaboration, la soci\u00e9t\u00e9 met fin \u00e0 la relation commerciale qui les unissait.<\/p>\n<p>\u00ab De mani\u00e8re brutale \u00bb, s\u2019indigne le fournisseur, qui d\u00e9cide alors de lui r\u00e9clamer une indemnisation\u2026<\/p>\n<p>Pour rappel, la r\u00e8glementation applicable pr\u00e9voit, en effet, que toute rupture d\u2019une relation commerciale \u00e9tablie sans respecter un d\u00e9lai de pr\u00e9avis raisonnable peut \u00eatre qualifi\u00e9e de brutale, et peut donc donner lieu \u00e0 indemnisation.<\/p>\n<p>Mais ici, la soci\u00e9t\u00e9 refuse de r\u00e9gler la somme r\u00e9clam\u00e9e, estimant que la rupture des relations est loin d\u2019\u00eatre brutale, et pour cause : elle a progressivement diminu\u00e9 le volume de ses commandes aupr\u00e8s de son fournisseur, sur une p\u00e9riode totale de 8 mois.<\/p>\n<p>Mais ce n\u2019est pas l\u2019avis du juge, qui rappelle que le fournisseur a enregistr\u00e9 une chute continue du volume des commandes de ses produits, sans qu\u2019un pr\u00e9avis de rupture de la relation commerciale ne lui ait \u00e9t\u00e9 signifi\u00e9.<\/p>\n<p>D\u00e8s lors, la cessation, partielle puis totale, de la relation commerciale, a bien \u00e9t\u00e9 brutale, et la soci\u00e9t\u00e9 doit r\u00e9gler l\u2019indemnisation r\u00e9clam\u00e9e !<\/p>\n<p>Source : Arr\u00eat de la Cour de cassation, chambre commerciale, du 1er juin 2022, n\u00b0 21-14470<\/p>\n<p><a href=\"https:\/\/www.weblex.fr\/weblex-actualite\/relations-commerciales-une-rupture-brutale\" rel=\"nofollow noopener\" target=\"_blank\">Rupture des relations commerciales : \u00ab brutale, vous avez dit brutale ? \u00bb<\/a> \u00a9 Copyright WebLex &#8211; 2022<\/p>\n<\/div>\n","protected":false},"excerpt":{"rendered":"<p>Parce qu\u2019il s\u2019estime victime d\u2019une rupture brutale de la relation commerciale l\u2019unissant \u00e0 une soci\u00e9t\u00e9, un fournisseur d\u00e9cide de lui r\u00e9clamer une indemnisation. Que celle-ci refuse cependant de r\u00e9gler\u2026 A tort ou \u00e0 raison ?<\/p>\n","protected":false},"featured_media":2789,"template":"","weblex-importer-activity":[],"weblex-importer-category":[62,63],"weblex-importer-tag":[61],"weblex-importer-keyword":[],"_links":{"self":[{"href":"https:\/\/www.secvergnaud.com\/index.php\/wp-json\/wp\/v2\/weblex-importer-post\/2788"}],"collection":[{"href":"https:\/\/www.secvergnaud.com\/index.php\/wp-json\/wp\/v2\/weblex-importer-post"}],"about":[{"href":"https:\/\/www.secvergnaud.com\/index.php\/wp-json\/wp\/v2\/types\/weblex-importer-post"}],"wp:featuredmedia":[{"embeddable":true,"href":"https:\/\/www.secvergnaud.com\/index.php\/wp-json\/wp\/v2\/media\/2789"}],"wp:attachment":[{"href":"https:\/\/www.secvergnaud.com\/index.php\/wp-json\/wp\/v2\/media?parent=2788"}],"wp:term":[{"taxonomy":"weblex-importer-activity","embeddable":true,"href":"https:\/\/www.secvergnaud.com\/index.php\/wp-json\/wp\/v2\/weblex-importer-activity?post=2788"},{"taxonomy":"weblex-importer-category","embeddable":true,"href":"https:\/\/www.secvergnaud.com\/index.php\/wp-json\/wp\/v2\/weblex-importer-category?post=2788"},{"taxonomy":"weblex-importer-tag","embeddable":true,"href":"https:\/\/www.secvergnaud.com\/index.php\/wp-json\/wp\/v2\/weblex-importer-tag?post=2788"},{"taxonomy":"weblex-importer-keyword","embeddable":true,"href":"https:\/\/www.secvergnaud.com\/index.php\/wp-json\/wp\/v2\/weblex-importer-keyword?post=2788"}],"curies":[{"name":"wp","href":"https:\/\/api.w.org\/{rel}","templated":true}]}}