{"id":2775,"date":"2022-06-20T05:46:00","date_gmt":"2022-06-20T03:46:00","guid":{"rendered":"https:\/\/www.secvergnaud.com\/index.php\/les-infos-du-jour\/revenus-fonciers-et-local-dhabitation-une-notion-a-plusieurs-facettes\/"},"modified":"2022-06-20T05:46:00","modified_gmt":"2022-06-20T03:46:00","slug":"revenus-fonciers-et-local-dhabitation-une-notion-a-plusieurs-facettes","status":"publish","type":"weblex-importer-post","link":"https:\/\/www.secvergnaud.com\/index.php\/les-infos-du-jour\/revenus-fonciers-et-local-dhabitation-une-notion-a-plusieurs-facettes\/","title":{"rendered":"Revenus fonciers et \u00ab local d\u2019habitation \u00bb : une notion \u00e0 plusieurs facettes ?"},"content":{"rendered":"<div>\n<h2> Revenus fonciers : local d\u2019habitation ou local professionnel ?<\/h2>\n<p>Le propri\u00e9taire d\u2019un appartement \u00e0 usage d\u2019habitation est impos\u00e9 au titre des revenus fonciers sur les loyers qu\u2019il encaisse.<\/p>\n<p>Une ann\u00e9e, il r\u00e9alise divers travaux d\u2019am\u00e9lioration dans l\u2019appartement (d\u00e9molition de cloisons, plomberie, r\u00e9fection de la salle de bains, etc.) et d\u00e9duit le montant des d\u00e9penses correspondantes de ses revenus fonciers.<\/p>\n<p>Une d\u00e9duction remise en cause par l\u2019administration fiscale, qui rappelle que dans le cadre des revenus fonciers, 2 r\u00e9gimes cohabitent :<\/p>\n<ul>\n<li>si l\u2019immeuble lou\u00e9 est un logement d\u2019habitation, les travaux d\u2019am\u00e9lioration qui y sont r\u00e9alis\u00e9s sont effectivement d\u00e9ductibles des revenus imposables ;<\/li>\n<li>si l\u2019immeuble lou\u00e9 est un local autre que d\u2019habitation, par exemple un local commercial, les seuls travaux d\u00e9ductibles sont ceux relatifs \u00e0 la protection contre l\u2019amiante et \u00e0 l\u2019acc\u00e8s des personnes handicap\u00e9es.<\/li>\n<\/ul>\n<p>Or, pendant les travaux, le propri\u00e9taire a lou\u00e9 l\u2019appartement \u00e0 une soci\u00e9t\u00e9 et conclut \u00e0 cette fin un bail commercial\u2026<\/p>\n<p>En cons\u00e9quence, l\u2019appartement ne pouvait \u00eatre consid\u00e9r\u00e9 comme un \u00ab local d\u2019habitation \u00bb, et les travaux qui y ont \u00e9t\u00e9 r\u00e9alis\u00e9s, faute d\u2019avoir trait \u00e0 l\u2019amiante ou \u00e0 l\u2019acc\u00e8s des personnes handicap\u00e9es, n\u2019\u00e9taient donc pas d\u00e9ductibles.<\/p>\n<p>Mais le juge ne partage pas cette analyse : du fait de sa conception, de son am\u00e9nagement et de ses \u00e9quipements, l\u2019appartement est, \u00e0 l\u2019origine, destin\u00e9 \u00e0 l\u2019habitation.<\/p>\n<p>Le fait qu\u2019il soit temporairement occup\u00e9 par une soci\u00e9t\u00e9 ne lui enl\u00e8ve pas cette caract\u00e9ristique (techniquement, on parle de \u00ab destination \u00bb du bien). D\u2019autant qu\u2019ici, les travaux r\u00e9alis\u00e9s n\u2019ont modifi\u00e9 ni sa conception, ni son am\u00e9nagement, ni ses \u00e9quipements.<\/p>\n<p>Par cons\u00e9quent, les travaux r\u00e9alis\u00e9s par le propri\u00e9taire ont bel et bien le caract\u00e8re de charges d\u00e9ductibles&#8230;<\/p>\n<p>Source : Arr\u00eat de la Cour d\u2019appel administrative de Marseille, 3e chambre, du 2 juin 2022<\/p>\n<p><a href=\"https:\/\/www.weblex.fr\/weblex-actualite\/revenus-fonciers-et-local-dhabitation-une-notion-a-plusieurs-facettes\" rel=\"nofollow noopener\" target=\"_blank\">Revenus fonciers : c\u2019est quoi un \u00ab local d\u2019habitation \u00bb ?<\/a> \u00a9 Copyright WebLex &#8211; 2022<\/p>\n<\/div>\n","protected":false},"excerpt":{"rendered":"<p>Un particulier d\u00e9duit de ses revenus fonciers imposables le montant des travaux d\u2019am\u00e9lioration qu\u2019il a r\u00e9alis\u00e9 dans l\u2019appartement dont il est propri\u00e9taire. Ce que conteste l\u2019administration fiscale. Pourquoi ?<\/p>\n","protected":false},"featured_media":2776,"template":"","weblex-importer-activity":[],"weblex-importer-category":[62,64],"weblex-importer-tag":[61],"weblex-importer-keyword":[],"_links":{"self":[{"href":"https:\/\/www.secvergnaud.com\/index.php\/wp-json\/wp\/v2\/weblex-importer-post\/2775"}],"collection":[{"href":"https:\/\/www.secvergnaud.com\/index.php\/wp-json\/wp\/v2\/weblex-importer-post"}],"about":[{"href":"https:\/\/www.secvergnaud.com\/index.php\/wp-json\/wp\/v2\/types\/weblex-importer-post"}],"wp:featuredmedia":[{"embeddable":true,"href":"https:\/\/www.secvergnaud.com\/index.php\/wp-json\/wp\/v2\/media\/2776"}],"wp:attachment":[{"href":"https:\/\/www.secvergnaud.com\/index.php\/wp-json\/wp\/v2\/media?parent=2775"}],"wp:term":[{"taxonomy":"weblex-importer-activity","embeddable":true,"href":"https:\/\/www.secvergnaud.com\/index.php\/wp-json\/wp\/v2\/weblex-importer-activity?post=2775"},{"taxonomy":"weblex-importer-category","embeddable":true,"href":"https:\/\/www.secvergnaud.com\/index.php\/wp-json\/wp\/v2\/weblex-importer-category?post=2775"},{"taxonomy":"weblex-importer-tag","embeddable":true,"href":"https:\/\/www.secvergnaud.com\/index.php\/wp-json\/wp\/v2\/weblex-importer-tag?post=2775"},{"taxonomy":"weblex-importer-keyword","embeddable":true,"href":"https:\/\/www.secvergnaud.com\/index.php\/wp-json\/wp\/v2\/weblex-importer-keyword?post=2775"}],"curies":[{"name":"wp","href":"https:\/\/api.w.org\/{rel}","templated":true}]}}