{"id":2769,"date":"2022-06-17T05:47:00","date_gmt":"2022-06-17T03:47:00","guid":{"rendered":"https:\/\/www.secvergnaud.com\/index.php\/les-infos-du-jour\/crise-porcine-et-cotisations-sociales-quelles-nouveautes\/"},"modified":"2022-06-17T05:47:00","modified_gmt":"2022-06-17T03:47:00","slug":"crise-porcine-et-cotisations-sociales-quelles-nouveautes","status":"publish","type":"weblex-importer-post","link":"https:\/\/www.secvergnaud.com\/index.php\/les-infos-du-jour\/crise-porcine-et-cotisations-sociales-quelles-nouveautes\/","title":{"rendered":"Crise porcine et cotisations sociales : quelles nouveaut\u00e9s ?"},"content":{"rendered":"<div>\n<h2> Crise porcine : une prise en charge des cotisations sociales<\/h2>\n<p>Cette possibilit\u00e9 de prise en charge des cotisations sociales s\u2019adresse aux employeurs et exploitants de la fili\u00e8re porcine qui :<\/p>\n<ul>\n<li>attestent avoir subi des pertes significatives, dues \u00e0 la crise porcine, entre le 1er septembre 2021 et le 28 f\u00e9vrier 2022 ;<\/li>\n<li>attestent que l\u2019aide forfaitaire de 15 000 \u20ac et\/ou l\u2019aide de structuration (dites aides \u00e9conomiques d\u2019urgence) qu\u2019ils ont pu percevoir ne d\u00e9passent pas le montant de ces pertes significatives ;<\/li>\n<li>attestent respecter le plafond des aides dites \u00ab de minimis \u00bb propre au secteur agricole (actuellement fix\u00e9 \u00e0 20 000 \u20ac), sur l\u2019exercice fiscal en cours et les deux exercices pr\u00e9c\u00e9dents ;<\/li>\n<li>ont d\u00e9pos\u00e9 leur <a href=\"https:\/\/www.msa.fr\/lfp\/documents\/11566\/234345936\/Formulaire+Prise+en+charge+Crise+porcine.pdf\" target=\"_blank\" rel=\"noopener\">dossier de demande<\/a> aupr\u00e8s de la MSA au plus tard le 9 septembre 2022.<\/li>\n<\/ul>\n<p>La demande sera ensuite instruite par le conseil d&rsquo;administration ou la commission de recours amiable de la caisse, et le montant de la prise en charge accord\u00e9e (d\u00e9termin\u00e9 au cas par cas et notifi\u00e9 avant le 31 d\u00e9cembre 2022) ne concernera que les cotisations sociales relevant du dispositif de droit commun, que vous pouvez retrouver <a href=\"https:\/\/www.msa.fr\/lfp\/exploitant\/aides-au-paiement-des-cotisations?p_p_id=com_liferay_journal_content_web_portlet_JournalContentPortlet_INSTANCE_VJmDOWEvrOS2&amp;p_p_lifecycle=0&amp;p_p_state=normal&amp;p_p_mode=view&amp;_com_liferay_journal_content_web_portlet_JournalContentPortlet_INSTANCE_VJmDOWEvrOS2_read_more=3\" target=\"_blank\" rel=\"noopener\">ici<\/a>.<\/p>\n<h2> Crise porcine : un report des cotisations sociales<\/h2>\n<p>Durant l\u2019instruction de leur demande de prise en charge, les employeurs et exploitants de la fili\u00e8re porcine qui le souhaitent peuvent demander \u00e0 b\u00e9n\u00e9ficier d\u2019un report de cotisations sociales, \u00e0 l\u2019exception des contributions de sant\u00e9 et de pr\u00e9voyance.<\/p>\n<p>Si le report est accord\u00e9, il ne s\u2019appliquera que jusqu\u2019\u00e0 la notification de la prise en charge des cotisations et contributions concern\u00e9es.<\/p>\n<p>Notez tout de m\u00eame que le montant de la prise en charge accord\u00e9e ne couvrira pas n\u00e9cessairement la totalit\u00e9 des cotisations report\u00e9es. De m\u00eame, la CSG et la CRDS, qui peuvent faire l\u2019objet d\u2019un report, ne pourront pas \u00eatre prises en charge (\u00e9tant par principe exclues du dispositif de prise en charge).<\/p>\n<p>Source : Actualit\u00e9 de la MSA du 8 juin 2022<\/p>\n<p><a href=\"https:\/\/www.weblex.fr\/weblex-actualite\/crise-porcine-et-cotisations-sociales-quelles-nouveautes\" rel=\"nofollow noopener\" target=\"_blank\">Crise porcine et cotisations sociales : quoi de neuf ?<\/a> \u00a9 Copyright WebLex &#8211; 2022<\/p>\n<\/div>\n","protected":false},"excerpt":{"rendered":"<p>Le Gouvernement a mis en place de nombreuses mesures afin de venir en aide aux agriculteurs impact\u00e9s par la crise porcine, parmi lesquelles une prise en charge et un report des cotisations sociales. Explications\u2026<\/p>\n","protected":false},"featured_media":2770,"template":"","weblex-importer-activity":[],"weblex-importer-category":[62,65],"weblex-importer-tag":[61],"weblex-importer-keyword":[],"_links":{"self":[{"href":"https:\/\/www.secvergnaud.com\/index.php\/wp-json\/wp\/v2\/weblex-importer-post\/2769"}],"collection":[{"href":"https:\/\/www.secvergnaud.com\/index.php\/wp-json\/wp\/v2\/weblex-importer-post"}],"about":[{"href":"https:\/\/www.secvergnaud.com\/index.php\/wp-json\/wp\/v2\/types\/weblex-importer-post"}],"wp:featuredmedia":[{"embeddable":true,"href":"https:\/\/www.secvergnaud.com\/index.php\/wp-json\/wp\/v2\/media\/2770"}],"wp:attachment":[{"href":"https:\/\/www.secvergnaud.com\/index.php\/wp-json\/wp\/v2\/media?parent=2769"}],"wp:term":[{"taxonomy":"weblex-importer-activity","embeddable":true,"href":"https:\/\/www.secvergnaud.com\/index.php\/wp-json\/wp\/v2\/weblex-importer-activity?post=2769"},{"taxonomy":"weblex-importer-category","embeddable":true,"href":"https:\/\/www.secvergnaud.com\/index.php\/wp-json\/wp\/v2\/weblex-importer-category?post=2769"},{"taxonomy":"weblex-importer-tag","embeddable":true,"href":"https:\/\/www.secvergnaud.com\/index.php\/wp-json\/wp\/v2\/weblex-importer-tag?post=2769"},{"taxonomy":"weblex-importer-keyword","embeddable":true,"href":"https:\/\/www.secvergnaud.com\/index.php\/wp-json\/wp\/v2\/weblex-importer-keyword?post=2769"}],"curies":[{"name":"wp","href":"https:\/\/api.w.org\/{rel}","templated":true}]}}