{"id":2468,"date":"2022-05-11T05:45:00","date_gmt":"2022-05-11T03:45:00","guid":{"rendered":"https:\/\/www.secvergnaud.com\/index.php\/les-infos-du-jour\/aide-a-linvestissement-pour-les-bornes-de-recharge-prolongee\/"},"modified":"2022-05-11T05:45:00","modified_gmt":"2022-05-11T03:45:00","slug":"aide-a-linvestissement-pour-les-bornes-de-recharge-prolongee","status":"publish","type":"weblex-importer-post","link":"https:\/\/www.secvergnaud.com\/index.php\/les-infos-du-jour\/aide-a-linvestissement-pour-les-bornes-de-recharge-prolongee\/","title":{"rendered":"Aide \u00e0 l\u2019investissement pour les bornes de recharge : prolong\u00e9e ?"},"content":{"rendered":"<div>\n<h2>Aide \u00e0 l\u2019investissement pour les bornes de recharge : fin en d\u00e9cembre 2022 !<\/h2>\n<p>Pour m\u00e9moire, une aide en faveur des entreprises r\u00e9alisant des investissements relatifs \u00e0 une activit\u00e9 de service de recharge pour v\u00e9hicules \u00e9lectriques sur les aires d\u2019autoroute et sur le domaine public du r\u00e9seau routier national a \u00e9t\u00e9 mise en place.<\/p>\n<p>Pour pouvoir en b\u00e9n\u00e9ficier, ces professionnels doivent remplir certaines conditions :<\/p>\n<ul>\n<li>avoir \u00e9t\u00e9 s\u00e9lectionn\u00e9s au terme de proc\u00e9dures ouvertes et transparentes ;<\/li>\n<li>ou que les investissements qu&rsquo;ils assument, relatifs \u00e0 une activit\u00e9 de service de recharge pour v\u00e9hicules \u00e9lectriques, soient r\u00e9alis\u00e9s par des entreprises s\u00e9lectionn\u00e9es au terme de telles proc\u00e9dures<\/li>\n<\/ul>\n<p>De plus, des conditions techniques et fonctionnelles doivent \u00e9galement \u00eatre respect\u00e9es. Ainsi les entreprises doivent avoir effectu\u00e9s des investissements portant sur des cat\u00e9gories de recharge directement vis\u00e9es par l\u2019aide.<\/p>\n<p>A l\u2019origine pr\u00e9vue pour durer jusqu\u2019au 30 juin 2022, la fin de ce dispositif est repouss\u00e9e de 6 mois. Il continuera donc \u00e0 s\u2019appliquer jusqu\u2019au 31 d\u00e9cembre 2022, sous r\u00e9serve de disponibilit\u00e9 des cr\u00e9dits.<\/p>\n<p>Source : D\u00e9cret n\u00b0 2022-749 du 29 avril 2022 modifiant le d\u00e9cret n\u00b0 2021-153 du 12 f\u00e9vrier 2021 instaurant une aide en faveur des investissements relatifs aux installations de recharge rapide pour v\u00e9hicules \u00e9lectriques sur les grands axes routiers<\/p>\n<p><a href=\"https:\/\/www.weblex.fr\/weblex-actualite\/aide-a-linvestissement-pour-les-bornes-de-recharge-prolongee\" target=\"_blank\" rel=\"noopener\">Aide \u00e0 l\u2019investissement pour les bornes de recharge : prolong\u00e9e ?<\/a> \u00a9 Copyright WebLex &#8211; 2022<\/p>\n<\/div>\n","protected":false},"excerpt":{"rendered":"<p>Fix\u00e9 au 30 juin 2022, le terme du b\u00e9n\u00e9fice de l\u2019aide \u00e0 l\u2019investissement pour les bornes de recharge sur les grands axes routiers a finalement \u00e9t\u00e9 prolong\u00e9. Jusqu\u2019\u00e0 quand ?<\/p>\n","protected":false},"featured_media":2469,"template":"","weblex-importer-activity":[],"weblex-importer-category":[62,63],"weblex-importer-tag":[61],"weblex-importer-keyword":[],"_links":{"self":[{"href":"https:\/\/www.secvergnaud.com\/index.php\/wp-json\/wp\/v2\/weblex-importer-post\/2468"}],"collection":[{"href":"https:\/\/www.secvergnaud.com\/index.php\/wp-json\/wp\/v2\/weblex-importer-post"}],"about":[{"href":"https:\/\/www.secvergnaud.com\/index.php\/wp-json\/wp\/v2\/types\/weblex-importer-post"}],"wp:featuredmedia":[{"embeddable":true,"href":"https:\/\/www.secvergnaud.com\/index.php\/wp-json\/wp\/v2\/media\/2469"}],"wp:attachment":[{"href":"https:\/\/www.secvergnaud.com\/index.php\/wp-json\/wp\/v2\/media?parent=2468"}],"wp:term":[{"taxonomy":"weblex-importer-activity","embeddable":true,"href":"https:\/\/www.secvergnaud.com\/index.php\/wp-json\/wp\/v2\/weblex-importer-activity?post=2468"},{"taxonomy":"weblex-importer-category","embeddable":true,"href":"https:\/\/www.secvergnaud.com\/index.php\/wp-json\/wp\/v2\/weblex-importer-category?post=2468"},{"taxonomy":"weblex-importer-tag","embeddable":true,"href":"https:\/\/www.secvergnaud.com\/index.php\/wp-json\/wp\/v2\/weblex-importer-tag?post=2468"},{"taxonomy":"weblex-importer-keyword","embeddable":true,"href":"https:\/\/www.secvergnaud.com\/index.php\/wp-json\/wp\/v2\/weblex-importer-keyword?post=2468"}],"curies":[{"name":"wp","href":"https:\/\/api.w.org\/{rel}","templated":true}]}}