{"id":2352,"date":"2022-05-03T05:51:00","date_gmt":"2022-05-03T03:51:00","guid":{"rendered":"https:\/\/www.secvergnaud.com\/index.php\/les-infos-du-jour\/coronavirus-covid-19-prolongation-de-2-aides-financieres\/"},"modified":"2022-05-03T05:51:00","modified_gmt":"2022-05-03T03:51:00","slug":"coronavirus-covid-19-prolongation-de-2-aides-financieres","status":"publish","type":"weblex-importer-post","link":"https:\/\/www.secvergnaud.com\/index.php\/les-infos-du-jour\/coronavirus-covid-19-prolongation-de-2-aides-financieres\/","title":{"rendered":"Coronavirus (COVID-19) : prolongation de 2 aides financi\u00e8res"},"content":{"rendered":"<div>\n<h2>Coronavirus (COVID-19) : une prolongation pour f\u00e9vrier 2022<\/h2>\n<p>Pour rappel, parmi les diff\u00e9rentes aides financi\u00e8res mises en place par le gouvernement pour permettre aux entreprises de faire face aux cons\u00e9quences de la covid-19, il y a :<\/p>\n<ul>\n<li>l\u2019aide \u00ab co\u00fbts fixes consolidation \u00bb, qui a \u00e9t\u00e9 mise en place pour la p\u00e9riode comprise entre le 1er d\u00e9cembre 2021 et le 31 janvier 2022 et qui permet aux entreprises \u00e9ligibles de continuer \u00e0 payer leurs charges fixes (loyers, assurances, etc.), malgr\u00e9 la baisse de leur activit\u00e9 ;<\/li>\n<li>une aide dite \u00ab nouvelle entreprise consolidation \u00bb qui a \u00e9t\u00e9 mise en place pour la p\u00e9riode comprise entre le 1er d\u00e9cembre 2021 et le 31 janvier 2022 et qui compl\u00e8te l\u2019aide \u00ab co\u00fbts fixes consolidation \u00bb.<\/li>\n<\/ul>\n<p>Ces aides sont prolong\u00e9es pour la p\u00e9riode mensuelle \u00e9ligible de f\u00e9vrier 2022. Pour les obtenir, il faut faire sa demande sur le site <a href=\"https:\/\/www.impots.gouv.fr\/accueil\" target=\"_blank\" rel=\"noopener\">impots.gouv.fr<\/a>, avant le 15 juin 2022, toutes <a href=\"https:\/\/www.legifrance.gouv.fr\/jorf\/id\/JORFTEXT000045733794\" target=\"_blank\" rel=\"noopener\">conditions<\/a> \u00e9tant par ailleurs remplies.<\/p>\n<p>Source : D\u00e9cret n\u00b0 2022-768 du 2 mai 2022 prolongeant, au titre de f\u00e9vrier 2022, l&rsquo;aide dite \u00ab co\u00fbts fixes consolidation \u00bb instaur\u00e9e par le d\u00e9cret n\u00b0 2022-111 du 2 f\u00e9vrier 2022 et l&rsquo;aide dite \u00ab nouvelle entreprise consolidation \u00bb instaur\u00e9e par le d\u00e9cret n\u00b0 2022-221 du 21 f\u00e9vrier 2022<\/p>\n<p><a href=\"https:\/\/www.weblex.fr\/weblex-actualite\/coronavirus-covid-19-prolongation-de-2-aides-financieres\" target=\"_blank\" rel=\"noopener\">Coronavirus (COVID-19) : prolongation de 2 aides financi\u00e8res<\/a> \u00a9 Copyright WebLex &#8211; 2022<\/p>\n<\/div>\n","protected":false},"excerpt":{"rendered":"<p>Pour soutenir les entreprises les plus impact\u00e9es par la covid-19, le gouvernement a cr\u00e9\u00e9 l\u2019aide \u00ab co\u00fbts fixes consolidation \u00bb et l\u2019aide \u00ab nouvelle entreprise consolidation \u00bb, qui viennent d\u2019\u00eatre prolong\u00e9es. Jusqu\u2019\u00e0 quand ?<\/p>\n","protected":false},"featured_media":2353,"template":"","weblex-importer-activity":[],"weblex-importer-category":[62,63],"weblex-importer-tag":[61],"weblex-importer-keyword":[],"_links":{"self":[{"href":"https:\/\/www.secvergnaud.com\/index.php\/wp-json\/wp\/v2\/weblex-importer-post\/2352"}],"collection":[{"href":"https:\/\/www.secvergnaud.com\/index.php\/wp-json\/wp\/v2\/weblex-importer-post"}],"about":[{"href":"https:\/\/www.secvergnaud.com\/index.php\/wp-json\/wp\/v2\/types\/weblex-importer-post"}],"wp:featuredmedia":[{"embeddable":true,"href":"https:\/\/www.secvergnaud.com\/index.php\/wp-json\/wp\/v2\/media\/2353"}],"wp:attachment":[{"href":"https:\/\/www.secvergnaud.com\/index.php\/wp-json\/wp\/v2\/media?parent=2352"}],"wp:term":[{"taxonomy":"weblex-importer-activity","embeddable":true,"href":"https:\/\/www.secvergnaud.com\/index.php\/wp-json\/wp\/v2\/weblex-importer-activity?post=2352"},{"taxonomy":"weblex-importer-category","embeddable":true,"href":"https:\/\/www.secvergnaud.com\/index.php\/wp-json\/wp\/v2\/weblex-importer-category?post=2352"},{"taxonomy":"weblex-importer-tag","embeddable":true,"href":"https:\/\/www.secvergnaud.com\/index.php\/wp-json\/wp\/v2\/weblex-importer-tag?post=2352"},{"taxonomy":"weblex-importer-keyword","embeddable":true,"href":"https:\/\/www.secvergnaud.com\/index.php\/wp-json\/wp\/v2\/weblex-importer-keyword?post=2352"}],"curies":[{"name":"wp","href":"https:\/\/api.w.org\/{rel}","templated":true}]}}