{"id":2296,"date":"2022-04-28T05:55:00","date_gmt":"2022-04-28T03:55:00","guid":{"rendered":"https:\/\/www.secvergnaud.com\/index.php\/les-infos-du-jour\/avocats-vers-une-revalorisation-du-seuil-de-la-franchise-en-base-de-tva\/"},"modified":"2022-04-28T05:55:00","modified_gmt":"2022-04-28T03:55:00","slug":"avocats-vers-une-revalorisation-du-seuil-de-la-franchise-en-base-de-tva","status":"publish","type":"weblex-importer-post","link":"https:\/\/www.secvergnaud.com\/index.php\/les-infos-du-jour\/avocats-vers-une-revalorisation-du-seuil-de-la-franchise-en-base-de-tva\/","title":{"rendered":"Avocats : vers une revalorisation du seuil de la franchise en base de TVA ?"},"content":{"rendered":"<div>\n<h2> Avocats et franchise en base de TVA : pas de changement !<\/h2>\n<p>Les petites entreprises b\u00e9n\u00e9ficient d\u2019un r\u00e9gime sp\u00e9cifique en mati\u00e8re de TVA, appel\u00e9 le r\u00e9gime de la \u00ab franchise en base \u00bb qui, en pratique, les dispense du paiement de la TVA lorsque le chiffre d\u2019affaires n\u2019exc\u00e8de pas un certain seuil.<\/p>\n<p>Pour les avocats, ce seuil est fix\u00e9 \u00e0 :<\/p>\n<ul>\n<li>44 500 \u20ac pour les op\u00e9rations r\u00e9alis\u00e9es dans le cadre de leurs activit\u00e9s r\u00e9glement\u00e9es ;<\/li>\n<li>18 300 \u20ac pour les op\u00e9rations r\u00e9alis\u00e9es dans le cadre de leurs activit\u00e9s non r\u00e9glement\u00e9es.<\/li>\n<\/ul>\n<p>Ces seuils font l\u2019objet d\u2019une actualisation tous les 3 ans, la prochaine devant intervenir le 1er janvier 2023.<\/p>\n<p>Interrog\u00e9 sur la possibilit\u00e9 de les augmenter d\u00e8s 2022, le gouvernement r\u00e9pond par la n\u00e9gative.<\/p>\n<p><span style=\"text-decoration: underline\">Source<\/span> : R\u00e9ponse minist\u00e9rielle Dupont-Aignan du 26 avril 2022, Assembl\u00e9e nationale, n\u00b044126<\/p>\n<p><a title=\"Avocats : vers une revalorisation du seuil de la franchise en base de TVA ?\" href=\"https:\/\/www.weblex.fr\/weblex-actualite\/avocats-vers-une-revalorisation-du-seuil-de-la-franchise-en-base-de-tva\" rel=\"nofollow noopener\" target=\"_blank\">Avocats : vers une revalorisation du seuil de la franchise en base de TVA ? <\/a>\u00a9 Copyright WebLex &#8211; 2022<\/p>\n<\/div>\n","protected":false},"excerpt":{"rendered":"<p>Parce que de nombreux cabinets d\u2019avocats rencontrent des difficult\u00e9s financi\u00e8res, il a \u00e9t\u00e9 demand\u00e9 au gouvernement s\u2019il envisageait de relever le seuil de la franchise en base de TVA applicable \u00e0 cette profession. Quelle est sa r\u00e9ponse ?<\/p>\n","protected":false},"featured_media":2297,"template":"","weblex-importer-activity":[],"weblex-importer-category":[62,66],"weblex-importer-tag":[61],"weblex-importer-keyword":[],"_links":{"self":[{"href":"https:\/\/www.secvergnaud.com\/index.php\/wp-json\/wp\/v2\/weblex-importer-post\/2296"}],"collection":[{"href":"https:\/\/www.secvergnaud.com\/index.php\/wp-json\/wp\/v2\/weblex-importer-post"}],"about":[{"href":"https:\/\/www.secvergnaud.com\/index.php\/wp-json\/wp\/v2\/types\/weblex-importer-post"}],"wp:featuredmedia":[{"embeddable":true,"href":"https:\/\/www.secvergnaud.com\/index.php\/wp-json\/wp\/v2\/media\/2297"}],"wp:attachment":[{"href":"https:\/\/www.secvergnaud.com\/index.php\/wp-json\/wp\/v2\/media?parent=2296"}],"wp:term":[{"taxonomy":"weblex-importer-activity","embeddable":true,"href":"https:\/\/www.secvergnaud.com\/index.php\/wp-json\/wp\/v2\/weblex-importer-activity?post=2296"},{"taxonomy":"weblex-importer-category","embeddable":true,"href":"https:\/\/www.secvergnaud.com\/index.php\/wp-json\/wp\/v2\/weblex-importer-category?post=2296"},{"taxonomy":"weblex-importer-tag","embeddable":true,"href":"https:\/\/www.secvergnaud.com\/index.php\/wp-json\/wp\/v2\/weblex-importer-tag?post=2296"},{"taxonomy":"weblex-importer-keyword","embeddable":true,"href":"https:\/\/www.secvergnaud.com\/index.php\/wp-json\/wp\/v2\/weblex-importer-keyword?post=2296"}],"curies":[{"name":"wp","href":"https:\/\/api.w.org\/{rel}","templated":true}]}}