{"id":2266,"date":"2022-04-26T01:26:00","date_gmt":"2022-04-25T23:26:00","guid":{"rendered":"https:\/\/www.secvergnaud.com\/index.php\/les-infos-du-jour\/tableau-des-cotisations-sociales-dues-par-les-notaires-non-salaries-annee-2022\/"},"modified":"2022-04-26T01:26:00","modified_gmt":"2022-04-25T23:26:00","slug":"tableau-des-cotisations-sociales-dues-par-les-notaires-non-salaries-annee-2022","status":"publish","type":"weblex-importer-post","link":"https:\/\/www.secvergnaud.com\/index.php\/les-infos-du-jour\/tableau-des-cotisations-sociales-dues-par-les-notaires-non-salaries-annee-2022\/","title":{"rendered":"Tableau des cotisations sociales dues par les notaires non-salari\u00e9s &#8211; Ann\u00e9e 2022"},"content":{"rendered":"<div>\n<p><strong><span style=\"text-decoration: underline\">1\/ Assiette et taux des cotisations<br \/><\/span><\/strong><\/p>\n<p>Tableau r\u00e9capitulatif des cotisations sociales au 1er janvier 2022<\/p>\n<table style=\"width: 661px\" border=\"1\" cellspacing=\"0\" cellpadding=\"0\">\n<tbody>\n<tr>\n<td width=\"132\">\n<p><strong>Cotisation<\/strong><\/p>\n<\/td>\n<td width=\"387\">\n<p><strong>Base de calcul<\/strong><\/p>\n<\/td>\n<td width=\"142\">\n<p><strong>Taux\/montant<\/strong><\/p>\n<\/td>\n<\/tr>\n<tr>\n<td rowspan=\"2\" width=\"132\">\n<p>Maladie-maternit\u00e9*<\/p>\n<\/td>\n<td width=\"387\">\n<p>Revenus inf\u00e9rieurs \u00e0 45\u00a0250 \u20ac (soit 110 % du plafond annuel de la S\u00e9curit\u00e9 sociale)<\/p>\n<\/td>\n<td width=\"142\">\n<p>Taux variable*<\/p>\n<\/td>\n<\/tr>\n<tr>\n<td width=\"387\">\n<p>Revenus \u00e9gaux ou sup\u00e9rieurs \u00e0 45\u00a0250 \u20ac (soit 110\u00a0% du plafond annuel de S\u00e9curit\u00e9 sociale)<\/p>\n<\/td>\n<td width=\"142\">\n<p>6,50 %<\/p>\n<\/td>\n<\/tr>\n<tr>\n<td>\n<p>Indemnit\u00e9s journali\u00e8res<\/p>\n<\/td>\n<td width=\"387\">\n<p>Revenus plafonn\u00e9s \u00e0 123 408 \u20ac (3 fois le plafond annuel de la S\u00e9curit\u00e9 sociale)<\/p>\n<p>Une cotisation minimale est assise sur 40 % du plafond annuel de la S\u00e9curit\u00e9 sociale, soit 16\u00a0454\u00a0\u20ac<\/p>\n<\/td>\n<td width=\"142\">\n<p>0,30 %<\/p>\n<\/td>\n<\/tr>\n<tr>\n<td rowspan=\"3\" width=\"132\">\n<p>Allocations familiales**<\/p>\n<\/td>\n<td width=\"387\">\n<p>Revenus inf\u00e9rieurs \u00e0 45\u00a0250 \u20ac (110 % du plafond annuel de la S\u00e9curit\u00e9 sociale)<\/p>\n<\/td>\n<td width=\"142\">\n<p>0 %<\/p>\n<\/td>\n<\/tr>\n<tr>\n<td width=\"387\">\n<p>Revenus compris entre 45\u00a0250 \u20ac et 57\u00a0590 \u20ac (entre 110\u00a0% et 140 % du plafond annuel de la S\u00e9curit\u00e9 sociale)<\/p>\n<\/td>\n<td width=\"142\">\n<p>Taux variable **<\/p>\n<\/td>\n<\/tr>\n<tr>\n<td width=\"387\">\n<p>Revenus sup\u00e9rieurs \u00e0 57\u00a0590 \u20ac (140 % du plafond annuel de la S\u00e9curit\u00e9 Sociale)<\/p>\n<\/td>\n<td width=\"142\">\n<p>3,10 %<\/p>\n<\/td>\n<\/tr>\n<tr>\n<td rowspan=\"2\" width=\"132\">\n<p>Retraite de base<\/p>\n<\/td>\n<td width=\"387\">\n<p>Jusqu\u2019\u00e0 41\u00a0136 \u20ac<\/p>\n<\/td>\n<td width=\"142\">\n<p>8,23 %<\/p>\n<\/td>\n<\/tr>\n<tr>\n<td width=\"387\">\n<p>Jusqu\u2019\u00e0 205\u00a0680 \u20ac<\/p>\n<\/td>\n<td width=\"142\">\n<p>1,87 %<\/p>\n<\/td>\n<\/tr>\n<tr>\n<td rowspan=\"9\" width=\"132\">\n<p>Retraite compl\u00e9mentaire ***<\/p>\n<\/td>\n<td width=\"387\">\n<p>Section B classe 1<\/p>\n<\/td>\n<td width=\"142\">\n<p>2 420 \u20ac<\/p>\n<\/td>\n<\/tr>\n<tr>\n<td width=\"387\">\n<p>Section B classe 2<\/p>\n<\/td>\n<td width=\"142\">\n<p>4\u00a0840\u00a0\u20ac<\/p>\n<\/td>\n<\/tr>\n<tr>\n<td width=\"387\">\n<p>Section B classe 3<\/p>\n<\/td>\n<td width=\"142\">\n<p>7\u00a0260 \u20ac<\/p>\n<\/td>\n<\/tr>\n<tr>\n<td width=\"387\">\n<p>Section B classe 4<\/p>\n<\/td>\n<td width=\"142\">\n<p>9\u00a0680 \u20ac<\/p>\n<\/td>\n<\/tr>\n<tr>\n<td width=\"387\">\n<p>Section B classe 5<\/p>\n<\/td>\n<td width=\"142\">\n<p>12\u00a0100 \u20ac<\/p>\n<\/td>\n<\/tr>\n<tr>\n<td width=\"387\">\n<p>Section B classe 6<\/p>\n<\/td>\n<td width=\"142\">\n<p>14\u00a0520 \u20ac<\/p>\n<\/td>\n<\/tr>\n<tr>\n<td width=\"387\">\n<p>Section B classe 7<\/p>\n<\/td>\n<td width=\"142\">\n<p>16\u00a0940 \u20ac<\/p>\n<\/td>\n<\/tr>\n<tr>\n<td width=\"387\">\n<p>Section B classe 8<\/p>\n<\/td>\n<td width=\"142\">\n<p>19\u00a0360 \u20ac<\/p>\n<\/td>\n<\/tr>\n<tr>\n<td width=\"387\">\n<p>Section C\u00a0: sur la base de la moyenne des produits de base de l\u2019office, r\u00e9alis\u00e9s pendant les ann\u00e9es 2020, 2019 et 2018<\/p>\n<\/td>\n<td width=\"142\">\n<p>4,10 %<\/p>\n<\/td>\n<\/tr>\n<tr>\n<td width=\"132\">\n<p>Invalidit\u00e9-D\u00e9c\u00e8s<\/p>\n<\/td>\n<td width=\"387\">\n<p>Cotisation forfaitaire<\/p>\n<\/td>\n<td width=\"142\">\n<p>1 031 \u20ac<\/p>\n<\/td>\n<\/tr>\n<tr>\n<td width=\"132\">\n<p>CSG\/CRDS<\/p>\n<\/td>\n<td width=\"387\">\n<p>Montant du revenu professionnel + cotisations sociales obligatoires<\/p>\n<\/td>\n<td width=\"142\">\n<p>9,7 %<\/p>\n<\/td>\n<\/tr>\n<tr>\n<td width=\"132\">\n<p>Contribution \u00e0 la formation professionnelle<\/p>\n<\/td>\n<td width=\"387\">\n<p>Sur la base de 41\u00a0136 \u20ac<\/p>\n<\/td>\n<td width=\"142\">\n<p>0,25 %<\/p>\n<p>0,34 % en pr\u00e9sence d\u2019un conjoint collaborateur<\/p>\n<\/td>\n<\/tr>\n<\/tbody>\n<\/table>\n<p><em><strong>* Taux variable des cotisations maladie-maternit\u00e9<\/strong><\/em><\/p>\n<p>Le professionnel lib\u00e9ral dont les revenus sont inf\u00e9rieurs \u00e0 110 % du PASS, soit 45 250 \u20ac pour 2022, b\u00e9n\u00e9ficie d\u2019une r\u00e9duction de cotisations d\u2019assurance maladie selon la formule suivante (r = votre revenu d&rsquo;activit\u00e9) :<\/p>\n<p>Taux = [(6,50 % &#8211; 1,5 %) \/ (1,1 \u00d7 45 250)] \u00d7 r + 1,5<\/p>\n<p><em><strong>** Taux variable des cotisations d\u2019allocations familiales<\/strong><\/em><\/p>\n<p>Pour un revenu compris entre 45 250 \u20ac et 57 590 \u20ac (entre 110 % et 140 % du plafond annuel de la S\u00e9curit\u00e9 sociale), le taux est d\u00e9termin\u00e9 selon la formule suivante (r = votre revenu d\u2019activit\u00e9) :<\/p>\n<p>Taux = [(3,10\/100) \/ (0,3 \u00d7 45 250)] \u00d7 (r &#8211; 1,1 \u00d7 45 250)<\/p>\n<p><strong><span style=\"text-decoration: underline\">2\/ Assiette et cotisation minimale et maximale (retraite de base)<br \/><\/span><\/strong><\/p>\n<p>En cas de revenus inf\u00e9rieurs \u00e0 un certain seuil, les cotisations sont calcul\u00e9es sur une base annuelle minimale.<\/p>\n<table style=\"width: 661px\" border=\"1\" cellspacing=\"0\" cellpadding=\"0\">\n<tbody>\n<tr>\n<td width=\"123\">\n<p><strong>Cotisation<\/strong><\/p>\n<\/td>\n<td width=\"302\">\n<p><strong>Assiette minimale<\/strong><\/p>\n<\/td>\n<td width=\"236\">\n<p><strong>Montant annuel de la cotisation<\/strong><\/p>\n<\/td>\n<\/tr>\n<tr>\n<td width=\"123\">\n<p>Retraite de base<\/p>\n<\/td>\n<td width=\"302\">\n<p>4\u00a0731 \u20ac (41\u00a0136 \u20ac x 11,50 %)<\/p>\n<\/td>\n<td width=\"236\">\n<p>478 \u20ac<\/p>\n<\/td>\n<\/tr>\n<\/tbody>\n<\/table>\n<p><strong><span style=\"text-decoration: underline\">3\/ Assiette de cotisation en d\u00e9but d\u2019activit\u00e9<\/span><\/strong><\/p>\n<p><strong><span style=\"text-decoration: underline\">a\/ Retraite de base<\/span><br \/><\/strong><\/p>\n<table style=\"width: 661px\" border=\"1\" cellspacing=\"0\" cellpadding=\"0\">\n<tbody>\n<tr>\n<td width=\"186\">\n<p><strong>Au titre de la\u2026<\/strong><\/p>\n<\/td>\n<td width=\"475\">\n<p><strong>Assiette<\/strong><\/p>\n<\/td>\n<\/tr>\n<tr>\n<td width=\"186\">\n<p>1<sup>\u00e8re<\/sup>\u00a0ann\u00e9e en 2022<\/p>\n<\/td>\n<td width=\"475\">\n<p>7\u00a0816 \u20ac (41\u00a0136 \u20ac x 19 %)<\/p>\n<\/td>\n<\/tr>\n<tr>\n<td width=\"186\">\n<p>2<sup>\u00e8me<\/sup>\u00a0ann\u00e9e en 2022<\/p>\n<\/td>\n<td width=\"475\">\n<p>7\u00a0816\u00a0\u20ac (41\u00a0136\u00a0\u20ac x 19 %)<\/p>\n<\/td>\n<\/tr>\n<\/tbody>\n<\/table>\n<p><strong>\u00a0<\/strong><\/p>\n<p><strong><span style=\"text-decoration: underline\">b\/ Retraite compl\u00e9mentaire<\/span><br \/><\/strong><\/p>\n<table style=\"width: 661px\" border=\"1\" cellspacing=\"0\" cellpadding=\"0\">\n<tbody>\n<tr>\n<td width=\"141\">\n<p><strong>Cotisation<\/strong><\/p>\n<\/td>\n<td width=\"378\">\n<p><strong>Base de calcul<\/strong><\/p>\n<\/td>\n<td width=\"142\">\n<p><strong>Taux\/montant<\/strong><\/p>\n<\/td>\n<\/tr>\n<tr>\n<td width=\"141\">\n<p>Retraite compl\u00e9mentaire au titre des 6 premi\u00e8res ann\u00e9es<\/p>\n<\/td>\n<td width=\"378\">\n<p>Section B classe 1<\/p>\n<\/td>\n<td width=\"142\">\n<p>2\u00a0420 \u20ac<\/p>\n<\/td>\n<\/tr>\n<\/tbody>\n<\/table>\n<p><strong>\u00a0<\/strong><\/p>\n<p><strong><span style=\"text-decoration: underline\">c\/ Invalidit\u00e9-d\u00e9c\u00e8s<\/span><\/strong><\/p>\n<p>Une r\u00e9duction de 50 % est appliqu\u00e9e sur la cotisation forfaitaire au titre des trois premi\u00e8res ann\u00e9es, soit une cotisation annuelle de 515,50\u00a0\u20ac pour l\u2019ann\u00e9e 2022.<\/p>\n<p><strong><span style=\"text-decoration: underline\"><br \/>d\/ Aide \u00e0 la cr\u00e9ation ou \u00e0 la reprise d\u2019une entreprise (ACRE)<\/span><\/strong><\/p>\n<p>Notez que depuis le 1er janvier 2019, les notaires nouvellement install\u00e9s peuvent b\u00e9n\u00e9ficier du dispositif de l\u2019ACRE.<\/p>\n<p>A ce titre, ils peuvent b\u00e9n\u00e9ficier :<\/p>\n<ul>\n<li>d\u2019un accompagnement pendant les premi\u00e8res ann\u00e9es d\u2019activit\u00e9 ;<\/li>\n<li>d\u2019une exon\u00e9ration partielle de cotisations sociales.<\/li>\n<\/ul>\n<p><strong><span style=\"text-decoration: underline\">4\/ Cotisations dues par le conjoint collaborateur<br \/><\/span><\/strong><\/p>\n<table style=\"width: 662px\" border=\"1\" cellspacing=\"0\" cellpadding=\"0\">\n<tbody>\n<tr>\n<td rowspan=\"2\" width=\"151\">\n<p><strong>Cotisation<\/strong><\/p>\n<\/td>\n<td colspan=\"2\" width=\"510\">\n<p><strong>Assiette<\/strong><\/p>\n<\/td>\n<\/tr>\n<tr>\n<td width=\"227\">\n<p><strong>Formule<\/strong><\/p>\n<\/td>\n<td width=\"284\">\n<p><strong>Base de calcul<\/strong><\/p>\n<\/td>\n<\/tr>\n<tr>\n<td rowspan=\"5\" width=\"151\">\n<p>Retraite de base<\/p>\n<\/td>\n<td rowspan=\"3\" width=\"227\">\n<p>Cotisation sans partage du revenu<\/p>\n<\/td>\n<td width=\"284\">\n<p>Forfaitaire (1\/2 x 41\u00a0136 \u20ac)<\/p>\n<\/td>\n<\/tr>\n<tr>\n<td width=\"284\">\n<p>25 % du revenu du notaire<\/p>\n<\/td>\n<\/tr>\n<tr>\n<td width=\"284\">\n<p>50 % du revenu du notaire<\/p>\n<\/td>\n<\/tr>\n<tr>\n<td rowspan=\"2\" width=\"227\">\n<p>Cotisation avec partage du revenu*<\/p>\n<\/td>\n<td width=\"284\">\n<p>25 % du revenu du notaire (celui-ci payant alors sa cotisation sur la base de 75 %)<\/p>\n<\/td>\n<\/tr>\n<tr>\n<td width=\"284\">\n<p>50 % du revenu du notaire (celui-ci payant alors sa cotisation sur la base de 50 %)<\/p>\n<\/td>\n<\/tr>\n<tr>\n<td rowspan=\"2\" width=\"151\">\n<p>Retraite compl\u00e9mentaire<\/p>\n<\/td>\n<td colspan=\"2\" width=\"510\">\n<p>25 % de la cotisation du notaire<\/p>\n<\/td>\n<\/tr>\n<tr>\n<td colspan=\"2\" width=\"510\">\n<p>50 % de la cotisation du notaire<\/p>\n<\/td>\n<\/tr>\n<tr>\n<td rowspan=\"2\" width=\"151\">\n<p>Invalidit\u00e9-D\u00e9c\u00e8s *<\/p>\n<\/td>\n<td colspan=\"2\" width=\"510\">\n<p>257,75 \u20ac si option \u00e0 25 %<\/p>\n<\/td>\n<\/tr>\n<tr>\n<td colspan=\"2\" width=\"510\">\n<p>515,50 \u20ac si option \u00e0 50 %<\/p>\n<\/td>\n<\/tr>\n<\/tbody>\n<\/table>\n<p>* Le conjoint collaborateur d\u2019un nouveau notaire cotise \u00e0 50 % de ces montants<\/p>\n<p><span style=\"text-decoration: underline\"><br \/><strong>Sources :<\/strong><\/span><\/p>\n<ul>\n<li><a href=\"https:\/\/www.urssaf.fr\/portail\/home.html\" target=\"_blank\" rel=\"noopener\">www.urssaf.fr<\/a><\/li>\n<li><a href=\"https:\/\/www.cprn.fr\/\" target=\"_blank\" rel=\"noopener\">www.crn.fr<\/a><\/li>\n<\/ul>\n<\/div>\n","protected":false},"excerpt":{"rendered":"<p>1\/ Assiette et taux des cotisations Tableau r\u00e9capitulatif des cotisations sociales au 1er janvier 2022 Cotisation Base de calcul Taux\/montant Maladie-maternit\u00e9* Revenus inf\u00e9rieurs \u00e0 45\u00a0250 \u20ac (soit 110 % du plafond annuel de la S\u00e9curit\u00e9 sociale) Taux variable* Revenus \u00e9gaux ou sup\u00e9rieurs \u00e0 45\u00a0250 \u20ac (soit 110\u00a0% du plafond annuel de S\u00e9curit\u00e9 sociale) 6,50 % [&hellip;]<\/p>\n","protected":false},"featured_media":0,"template":"","weblex-importer-activity":[],"weblex-importer-category":[50,39],"weblex-importer-tag":[38],"weblex-importer-keyword":[],"_links":{"self":[{"href":"https:\/\/www.secvergnaud.com\/index.php\/wp-json\/wp\/v2\/weblex-importer-post\/2266"}],"collection":[{"href":"https:\/\/www.secvergnaud.com\/index.php\/wp-json\/wp\/v2\/weblex-importer-post"}],"about":[{"href":"https:\/\/www.secvergnaud.com\/index.php\/wp-json\/wp\/v2\/types\/weblex-importer-post"}],"wp:attachment":[{"href":"https:\/\/www.secvergnaud.com\/index.php\/wp-json\/wp\/v2\/media?parent=2266"}],"wp:term":[{"taxonomy":"weblex-importer-activity","embeddable":true,"href":"https:\/\/www.secvergnaud.com\/index.php\/wp-json\/wp\/v2\/weblex-importer-activity?post=2266"},{"taxonomy":"weblex-importer-category","embeddable":true,"href":"https:\/\/www.secvergnaud.com\/index.php\/wp-json\/wp\/v2\/weblex-importer-category?post=2266"},{"taxonomy":"weblex-importer-tag","embeddable":true,"href":"https:\/\/www.secvergnaud.com\/index.php\/wp-json\/wp\/v2\/weblex-importer-tag?post=2266"},{"taxonomy":"weblex-importer-keyword","embeddable":true,"href":"https:\/\/www.secvergnaud.com\/index.php\/wp-json\/wp\/v2\/weblex-importer-keyword?post=2266"}],"curies":[{"name":"wp","href":"https:\/\/api.w.org\/{rel}","templated":true}]}}