{"id":2260,"date":"2022-04-26T05:46:00","date_gmt":"2022-04-26T03:46:00","guid":{"rendered":"https:\/\/www.secvergnaud.com\/index.php\/les-infos-du-jour\/abandon-de-creances-toujours-deductible\/"},"modified":"2022-04-26T05:46:00","modified_gmt":"2022-04-26T03:46:00","slug":"abandon-de-creances-toujours-deductible","status":"publish","type":"weblex-importer-post","link":"https:\/\/www.secvergnaud.com\/index.php\/les-infos-du-jour\/abandon-de-creances-toujours-deductible\/","title":{"rendered":"Abandon de cr\u00e9ances : toujours d\u00e9ductible ?"},"content":{"rendered":"<div>\n<h2> Abandon de cr\u00e9ances : quand a \u00e9t\u00e9 ouverte la proc\u00e9dure de sauvegarde ?<\/h2>\n<p>Constatant que l\u2019une de ses filiales rencontre d\u2019importantes difficult\u00e9s financi\u00e8res, une soci\u00e9t\u00e9 d\u00e9cide, un 19 juin, de renoncer au paiement de certaines factures et donc, d\u2019abandonner des cr\u00e9ances.<\/p>\n<p>Corr\u00e9lativement, elle d\u00e9duit le montant de ces abandons de cr\u00e9ances de son r\u00e9sultat imposable\u2026 Ce que l\u2019administration fiscale conteste : ces abandons ayant \u00e9t\u00e9 r\u00e9alis\u00e9s pour des raisons financi\u00e8res (et non pas commerciales), ils ne sont pas d\u00e9ductibles.<\/p>\n<p>Par principe, en effet, seuls les abandons de cr\u00e9ances \u00e0 caract\u00e8re commercial sont d\u00e9ductibles. Toutefois, comme souvent en mati\u00e8re fiscale, des exceptions existent. Ainsi, il est pr\u00e9vu que les abandons de cr\u00e9ances \u00e0 caract\u00e8re financier soient d\u00e9ductibles d\u00e8s lors qu\u2019ils sont consentis \u00e0 une entreprise pour laquelle une proc\u00e9dure de sauvegarde, de redressement ou de liquidation judiciaire est ouverte, toutes conditions par ailleurs remplies.<\/p>\n<p>Or, ici, une proc\u00e9dure de sauvegarde a justement \u00e9t\u00e9 ouverte \u00e0 l\u2019encontre de la filiale le 24 septembre, rappelle la soci\u00e9t\u00e9, ce qui lui a permis de mat\u00e9rialiser ces abandons dans ses propres comptes d\u00e8s le 30 septembre.<\/p>\n<p>\u00ab C\u2019est l\u00e0 tout le probl\u00e8me \u00bb, conclut le juge : si la soci\u00e9t\u00e9 a mat\u00e9rialis\u00e9 dans ses comptes les aides consenties apr\u00e8s l\u2019ouverture de la proc\u00e9dure de sauvegarde intervenue, rappelons-le le 24 septembre, elle a pris la d\u00e9cision de renoncer au paiement de ses factures 3 mois avant l\u2019ouverture de cette proc\u00e9dure (le 19 juin).<\/p>\n<p>Pour cette raison, les abandons de cr\u00e9ances consentis \u00e0 la filiale ne sont pas d\u00e9ductibles du r\u00e9sultat imposable de la soci\u00e9t\u00e9, d\u00e9cide le juge, qui maintient le redressement fiscal.<\/p>\n<p>Source : Arr\u00eat de la Cour administrative d\u2019appel de Bordeaux du 8 mars 2022, n\u00b019BX04963<\/p>\n<p><a href=\"https:\/\/www.weblex.fr\/weblex-actualite\/abandon-de-creances-toujours-deductible\" target=\"_blank\" rel=\"noopener\">Abandon de cr\u00e9ances : toujours d\u00e9ductible ?<\/a> \u00a9 Copyright WebLex &#8211; 2022<\/p>\n<\/div>\n","protected":false},"excerpt":{"rendered":"<p>Parce que l\u2019une de ses filiales rencontre d\u2019importantes difficult\u00e9s financi\u00e8res conduisant \u00e0 l\u2019ouverture d\u2019une proc\u00e9dure de sauvegarde, une soci\u00e9t\u00e9 lui consent des abandons de cr\u00e9ances qu\u2019elle d\u00e9duit de son propre r\u00e9sultat imposable. Ce que conteste l\u2019administration fiscale. Pourquoi ?<\/p>\n","protected":false},"featured_media":2261,"template":"","weblex-importer-activity":[],"weblex-importer-category":[62,66],"weblex-importer-tag":[61],"weblex-importer-keyword":[],"_links":{"self":[{"href":"https:\/\/www.secvergnaud.com\/index.php\/wp-json\/wp\/v2\/weblex-importer-post\/2260"}],"collection":[{"href":"https:\/\/www.secvergnaud.com\/index.php\/wp-json\/wp\/v2\/weblex-importer-post"}],"about":[{"href":"https:\/\/www.secvergnaud.com\/index.php\/wp-json\/wp\/v2\/types\/weblex-importer-post"}],"wp:featuredmedia":[{"embeddable":true,"href":"https:\/\/www.secvergnaud.com\/index.php\/wp-json\/wp\/v2\/media\/2261"}],"wp:attachment":[{"href":"https:\/\/www.secvergnaud.com\/index.php\/wp-json\/wp\/v2\/media?parent=2260"}],"wp:term":[{"taxonomy":"weblex-importer-activity","embeddable":true,"href":"https:\/\/www.secvergnaud.com\/index.php\/wp-json\/wp\/v2\/weblex-importer-activity?post=2260"},{"taxonomy":"weblex-importer-category","embeddable":true,"href":"https:\/\/www.secvergnaud.com\/index.php\/wp-json\/wp\/v2\/weblex-importer-category?post=2260"},{"taxonomy":"weblex-importer-tag","embeddable":true,"href":"https:\/\/www.secvergnaud.com\/index.php\/wp-json\/wp\/v2\/weblex-importer-tag?post=2260"},{"taxonomy":"weblex-importer-keyword","embeddable":true,"href":"https:\/\/www.secvergnaud.com\/index.php\/wp-json\/wp\/v2\/weblex-importer-keyword?post=2260"}],"curies":[{"name":"wp","href":"https:\/\/api.w.org\/{rel}","templated":true}]}}