{"id":21730,"date":"2023-04-12T00:00:00","date_gmt":"2023-04-11T22:00:00","guid":{"rendered":"https:\/\/www.secvergnaud.com\/index.php\/les-infos-du-jour\/loi-egalim-3-de-nouvelles-evolutions-en-faveur-des-agriculteurs-2\/"},"modified":"2023-04-12T00:00:00","modified_gmt":"2023-04-11T22:00:00","slug":"loi-egalim-3-de-nouvelles-evolutions-en-faveur-des-agriculteurs-2","status":"publish","type":"weblex-importer-post","link":"https:\/\/www.secvergnaud.com\/index.php\/les-infos-du-jour\/loi-egalim-3-de-nouvelles-evolutions-en-faveur-des-agriculteurs-2\/","title":{"rendered":"Loi Egalim 3 : de nouvelles \u00e9volutions en faveur des agriculteurs"},"content":{"rendered":"<p>Ces derni\u00e8res ann\u00e9es, les lois Egalim et Egalim 2 ont \u00e9t\u00e9 vot\u00e9es pour prot\u00e9ger la r\u00e9mun\u00e9ration des agriculteurs. Malgr\u00e9 cela, des insuffisances ont perdur\u00e9&#8230; D&rsquo;o\u00f9 le vote d&rsquo;une loi dite \u00ab&nbsp;Egalim 3 \u00bb, applicable (en grande partie) depuis le 1er avril 2023&#8230;<\/p>\n<h2>Loi Egalim 3 : un panorama des mesures \u00e0 conna\u00eetre<\/h2>\n<ul>\n<li>\n<p><strong>La n\u00e9gociation commerciale<\/strong><\/p>\n<\/li>\n<\/ul>\n<p>Tout d&rsquo;abord, sachez que les mesures relatives \u00e0 la n\u00e9gociation commerciale entre les fournisseurs et les distributeurs sont d\u00e9sormais applicables de plein droit, d\u00e8s lors que les produits ou services concern\u00e9s sont commercialis\u00e9s sur le territoire fran\u00e7ais.<\/p>\n<p>L\u2019objectif de cette mesure est de contrer les strat\u00e9gies de contournement du droit fran\u00e7ais mises en place par certains distributeurs, via la constitution de centrales d\u2019achat internationales.<\/p>\n<p>Ensuite, et pour rappel, les n\u00e9gociations commerciales dans le secteur agroalimentaire sont annuelles, bisannuelles ou triennales et doivent se terminer avant le 1er&nbsp;mars. <\/p>\n<p>Jusqu\u2019\u00e0 pr\u00e9sent, \u00e0 d\u00e9faut d\u2019accord apr\u00e8s cette date butoir, les fournisseurs devaient livrer les distributeurs aux conditions de l\u2019ann\u00e9e pr\u00e9c\u00e9dente, m\u00eame si leurs co\u00fbts de production avaient augment\u00e9.<\/p>\n<p>Pour mettre fin \u00e0 cette pression contractuelle, un dispositif exp\u00e9rimental va \u00eatre appliqu\u00e9 durant 3 ans en cas d&rsquo;absence de contrat sign\u00e9 au 1er mars&nbsp;: un d\u00e9lai suppl\u00e9mentaire d&rsquo;un mois va s&rsquo;ouvrir pour permettre une m\u00e9diation visant \u00e0 conclure un accord ou \u00e0 d\u00e9finir les termes d&rsquo;un pr\u00e9avis de rupture commerciale, sans que le distributeur ne puisse invoquer la rupture brutale de la relation commerciale.<\/p>\n<p>Par ailleurs, le fait de ne pas avoir men\u00e9 des n\u00e9gociations de bonne foi, ayant eu pour cons\u00e9quence de ne pas aboutir \u00e0 la conclusion d&rsquo;un contrat avant le 1er mars, est d\u00e9sormais qualifi\u00e9 de pratique restrictive de la concurrence. <\/p>\n<p>En outre, il est dor\u00e9navant pr\u00e9cis\u00e9&nbsp;que durant le pr\u00e9avis de rupture des relations commerciales, il faut \u00ab&nbsp;tenir compte des conditions \u00e9conomiques du march\u00e9 sur lequel op\u00e8rent les parties&nbsp;\u00bb. L\u2019objectif est de r\u00e9\u00e9valuer le tarif, notamment en p\u00e9riode d\u2019inflation.<\/p>\n<p>Toujours durant le pr\u00e9avis, pour les produits alimentaires, le tarif applicable doit respecter le principe de non-n\u00e9gociabilit\u00e9 des mati\u00e8res premi\u00e8res agricoles.<\/p>\n<p>Enfin, pour mettre fin \u00e0 la pratique de certains op\u00e9rateurs de la grande distribution qui consiste \u00e0 faire pression sur les fournisseurs en ne respectant pas la date butoir du 1er mars, le montant des amendes administratives est revu \u00e0 la hausse&nbsp;:<\/p>\n<ul>\n<li>200&nbsp;000&nbsp;\u20ac pour les personnes physiques et 1 M\u20ac pour les personnes morales&nbsp;;<\/li>\n<li>en cas de r\u00e9cidive dans les 2 ans&nbsp;: 400&nbsp;000&nbsp;\u20ac pour les personnes physiques et 2 M\u20ac pour les personnes morales.<\/li>\n<\/ul>\n<ul>\n<li>\n<p><strong>Les p\u00e9nalit\u00e9s logistiques<\/strong><\/p>\n<\/li>\n<\/ul>\n<p>Jusqu\u2019\u00e0 pr\u00e9sent, les conditions logistiques \u00e9taient souvent pr\u00e9vues dans une annexe \u00e0 la convention g\u00e9n\u00e9rale devant \u00eatre conclue avant le 1er mars.<\/p>\n<p>Pour mieux prot\u00e9ger les fournisseurs, il est d\u00e9sormais pr\u00e9vu que la convention logistique, notamment les p\u00e9nalit\u00e9s logistiques, doit \u00eatre conclue dans un contrat distinct de la convention g\u00e9n\u00e9rale, non soumis au respect de la date butoir du 1er mars.<\/p>\n<p>Les p\u00e9nalit\u00e9s logistiques font \u00e9galement l\u2019objet de plusieurs autres pr\u00e9cisions&nbsp;:<\/p>\n<ul>\n<li>leur montant est d\u00e9sormais plafonn\u00e9 \u00e0 2 % de la valeur des produits command\u00e9s&nbsp;;<\/li>\n<li>aucune p\u00e9nalit\u00e9 logistique ne peut \u00eatre inflig\u00e9e pour l&rsquo;inex\u00e9cution d&rsquo;engagements contractuels survenue plus d\u2019un&nbsp;an auparavant&nbsp;;<\/li>\n<li>le distributeur doit prouver l&rsquo;existence d&rsquo;un manquement et le pr\u00e9judice subi, en m\u00eame temps qu&rsquo;il informe le fournisseur qu&rsquo;un manquement a \u00e9t\u00e9 constat\u00e9&nbsp;;<\/li>\n<li>le Gouvernement peut suspendre, par d\u00e9cret, l\u2019application des p\u00e9nalit\u00e9s en cas de situation exceptionnelle affectant gravement les cha\u00eenes d&rsquo;approvisionnement dans un ou plusieurs secteurs.<\/li>\n<\/ul>\n<p>Notez que les grossistes sont exclus du dispositif, du fait de leur position d\u2019interm\u00e9diaire entre les fournisseurs et les distributeurs.&nbsp;<\/p>\n<p>Enfin, il est maintenant pr\u00e9vu que les distributeurs et les fournisseurs doivent communiquer \u00e0 la DGCCRF, avant le 31 d\u00e9cembre de chaque ann\u00e9e, les montants qu&rsquo;ils ont r\u00e9clam\u00e9s \u00e0 leur cocontractant en mati\u00e8re de p\u00e9nalit\u00e9s logistiques, ainsi que les montants r\u00e9ellement per\u00e7us. \u00c0 d\u00e9faut, ils encourent une amende de 75&nbsp;000 \u20ac pour une personne physique et 500 000 \u20ac pour une personne morale. Les montants sont doubl\u00e9s en cas de r\u00e9cidive.<\/p>\n<ul>\n<li>\n<p><strong>La r\u00e9vision des prix<\/strong><\/p>\n<\/li>\n<\/ul>\n<p>Lors de la n\u00e9gociation de la convention g\u00e9n\u00e9rale, il existe une option qui consiste, pour le fournisseur, \u00e0 faire intervenir un tiers ind\u00e9pendant qui va certifier que l\u2019\u00e9volution de son tarif ne r\u00e9sulte pas&nbsp;de la variation du prix des mati\u00e8res premi\u00e8res agricoles&nbsp;: c\u2019est ce que l&rsquo;on appelle \u00ab&nbsp;l\u2019option 3&nbsp;\u00bb. Cette attestation doit \u00eatre fournie dans le mois qui suit la conclusion du contrat.<\/p>\n<p>Ce m\u00e9canisme est renforc\u00e9&nbsp;: d\u00e9sormais, une attestation doit aussi \u00eatre fournie lors du d\u00e9but des n\u00e9gociations.<\/p>\n<p>Par ailleurs, il est pr\u00e9cis\u00e9 que la clause de r\u00e9vision automatique des prix des produits alimentaires, qui doit figurer dans les conventions \u00e9crites conclues entre fournisseurs et distributeurs, se fonde d\u00e9sormais sur l&rsquo;\u00e9volution des diff\u00e9rentes mati\u00e8res premi\u00e8res agricoles composant le produit.<\/p>\n<p>En outre, les \u00e9volutions de prix r\u00e9sultant de la clause de r\u00e9vision automatique sont dor\u00e9navant mises en \u0153uvre au plus tard un mois apr\u00e8s son d\u00e9clenchement.<\/p>\n<p>Autre point :&nbsp;il existe une obligation g\u00e9n\u00e9rale d&rsquo;informer le producteur agricole, avant la livraison, du prix qui lui sera pay\u00e9. Le probl\u00e8me est que cette obligation ne tient pas compte du cas sp\u00e9cifique des contrats \u00e0 terme.<\/p>\n<p>Dans ces contrats en effet, une partie du prix est vers\u00e9e avant m\u00eame la livraison (pour financer l&rsquo;ensemencement des c\u00e9r\u00e9ales, par exemple), une partie du prix est vers\u00e9e le jour de la livraison, et un compl\u00e9ment de r\u00e9mun\u00e9ration est vers\u00e9 a posteriori. Son montant d\u00e9pend du cours des march\u00e9s \u00e0 cette date.&nbsp;D\u00e8s lors, il est impossible d\u2019indiquer \u00e0 l\u2019agriculteur, en amont, le prix total et exact qui lui sera vers\u00e9\u2026<\/p>\n<p>C\u2019est pourquoi ces contrats sont d\u00e9sormais exclus de l&rsquo;obligation d&rsquo;informer l\u2019agriculteur, avant la livraison, du prix pay\u00e9.<\/p>\n<p>Notez que dans le cadre de la loi Egalim 3, une mesure s&rsquo;int\u00e9resse \u00e0 un dispositif cr\u00e9\u00e9 par la loi Egalim 2, dit \u00ab&nbsp;ligne \u00e0 ligne&nbsp;\u00bb. Ce dispositif contraint les distributeurs \u00e0 justifier les diminutions de tarifs n\u00e9goci\u00e9es et obtenues de leurs fournisseurs, afin notamment de s&rsquo;assurer qu&rsquo;il ne s&rsquo;agit pas d&rsquo;un avantage accord\u00e9 sans contrepartie.<\/p>\n<p>Cette mesure, valable seulement pour les produits alimentaires, est \u00e9tendue \u00e0 tous les produits de grande consommation.<\/p>\n<p>Enfin, et pour rappel, la loi Egalim 2 a cr\u00e9\u00e9 un dispositif interdisant les discriminations tarifaires et contractuelles pour les contrats conclus entre les fournisseurs et les distributeurs, mais seulement pour les produits alimentaires. Ce dispositif est \u00e9tendu \u00e0 tous les produits vendus en grande surface.<\/p>\n<ul>\n<li>\n<p><strong>Pour la convention interprofessionnelle alimentaire territoriale<\/strong><\/p>\n<\/li>\n<\/ul>\n<p>La loi Egalim a cr\u00e9\u00e9 un dispositif exp\u00e9rimental&nbsp;: la convention interprofessionnelle alimentaire territoriale (convention tripartite entre le producteur, le transformateur et le distributeur), afin de fluidifier les relations commerciales entre les acteurs de la cha\u00eene agroalimentaire.<\/p>\n<p>Ce dispositif exp\u00e9rimental est p\u00e9rennis\u00e9.<\/p>\n<ul>\n<li>\n<p><strong>Pour les promotions<\/strong><\/p>\n<\/li>\n<\/ul>\n<p>2 mesures de la loi Egalim sont \u00e9galement prolong\u00e9es&nbsp;:<\/p>\n<ul>\n<li>l&rsquo;encadrement des promotions jusqu&rsquo;au 15 avril 2026 sur les produits alimentaires&nbsp;dans les grandes surfaces \u00e0 34 % de leur valeur et \u00e0 25 % en volume&nbsp;;<\/li>\n<li>le seuil de revente \u00e0 perte jusqu&rsquo;au 15 avril 2025, qui oblige les distributeurs \u00e0 vendre les produits alimentaires au minimum au prix o\u00f9 ils les ont achet\u00e9s, major\u00e9 de 10 % (SRP+10)&nbsp;; notez que les distributeurs doivent d\u00e9sormais communiquer aux autorit\u00e9s des informations pr\u00e9cises sur l\u2019usage qu&rsquo;ils font du surcro\u00eet de revenu qu\u2019ils tirent du SRP+ 10.<\/li>\n<\/ul>\n<p>Par ailleurs, la loi \u00e9tend l\u2019encadrement des promotions \u00e0 tous les produits de grande consommation, \u00e0 compter du 1er mars 2024.<\/p>\n<div>Sources :  <\/p>\n<ul>\n<li><a href=\"https:\/\/www.legifrance.gouv.fr\/jorf\/id\/JORFTEXT000047377284\" rel=\"noopener\" target=\"_blank\">Loi n\u00b0 2023-221 du 30 mars 2023 tendant \u00e0 renforcer l&rsquo;\u00e9quilibre dans les relations commerciales entre fournisseurs et distributeurs<\/a><\/li>\n<\/ul>\n<\/div>\n<p><a href=\"https:\/\/www.weblex.fr\/weblex-actualite\/loi-egalim-3-de-nouvelles-evolutions-en-faveur-des-agriculteurs\" target=\"_blank\" rel=\"noopener\">Loi Egalim 3 : de nouvelles \u00e9volutions en faveur des agriculteurs<\/a> &#8211; \u00a9 Copyright WebLex<\/p>\n<p><img src=\"https:\/\/www.weblex.fr\/sites\/default\/files\/actualites\/images\/agricole.jpg\"><\/p>\n","protected":false},"excerpt":{"rendered":"<p>Ces derni\u00e8res ann\u00e9es, les lois Egalim et Egalim 2 ont \u00e9t\u00e9 vot\u00e9es pour prot\u00e9ger la r\u00e9mun\u00e9ration des agriculteurs. Malgr\u00e9 cela, des insuffisances ont perdur\u00e9&#8230; D&rsquo;o\u00f9 le vote d&rsquo;une loi dite \u00ab&nbsp;Egalim 3 \u00bb, applicable (en grande partie) depuis le 1er avril 2023&#8230;<\/p>\n","protected":false},"featured_media":21731,"template":"","weblex-importer-activity":[],"weblex-importer-category":[62,63],"weblex-importer-tag":[198],"weblex-importer-keyword":[],"_links":{"self":[{"href":"https:\/\/www.secvergnaud.com\/index.php\/wp-json\/wp\/v2\/weblex-importer-post\/21730"}],"collection":[{"href":"https:\/\/www.secvergnaud.com\/index.php\/wp-json\/wp\/v2\/weblex-importer-post"}],"about":[{"href":"https:\/\/www.secvergnaud.com\/index.php\/wp-json\/wp\/v2\/types\/weblex-importer-post"}],"wp:featuredmedia":[{"embeddable":true,"href":"https:\/\/www.secvergnaud.com\/index.php\/wp-json\/wp\/v2\/media\/21731"}],"wp:attachment":[{"href":"https:\/\/www.secvergnaud.com\/index.php\/wp-json\/wp\/v2\/media?parent=21730"}],"wp:term":[{"taxonomy":"weblex-importer-activity","embeddable":true,"href":"https:\/\/www.secvergnaud.com\/index.php\/wp-json\/wp\/v2\/weblex-importer-activity?post=21730"},{"taxonomy":"weblex-importer-category","embeddable":true,"href":"https:\/\/www.secvergnaud.com\/index.php\/wp-json\/wp\/v2\/weblex-importer-category?post=21730"},{"taxonomy":"weblex-importer-tag","embeddable":true,"href":"https:\/\/www.secvergnaud.com\/index.php\/wp-json\/wp\/v2\/weblex-importer-tag?post=21730"},{"taxonomy":"weblex-importer-keyword","embeddable":true,"href":"https:\/\/www.secvergnaud.com\/index.php\/wp-json\/wp\/v2\/weblex-importer-keyword?post=21730"}],"curies":[{"name":"wp","href":"https:\/\/api.w.org\/{rel}","templated":true}]}}