{"id":2147,"date":"2022-04-13T05:47:00","date_gmt":"2022-04-13T03:47:00","guid":{"rendered":"https:\/\/www.secvergnaud.com\/index.php\/les-infos-du-jour\/hausse-du-prix-du-carburant-revalorisation-des-tarifs-des-taxis\/"},"modified":"2022-04-13T05:47:00","modified_gmt":"2022-04-13T03:47:00","slug":"hausse-du-prix-du-carburant-revalorisation-des-tarifs-des-taxis","status":"publish","type":"weblex-importer-post","link":"https:\/\/www.secvergnaud.com\/index.php\/les-infos-du-jour\/hausse-du-prix-du-carburant-revalorisation-des-tarifs-des-taxis\/","title":{"rendered":"Hausse du prix du carburant : revalorisation des tarifs des taxis"},"content":{"rendered":"<div>\n<h2>Une revalorisation plus importante que pr\u00e9vue<\/h2>\n<p>Pour rappel, la r\u00e9glementation pr\u00e9voyait d\u00e9j\u00e0 une revalorisation d\u2019au plus 2 % des tarifs des taxis pour l\u2019ann\u00e9e 2022.<\/p>\n<p>S\u2019ajoute \u00e0 cela une nouvelle variation du tarif de la course type des taxis d\u2019au plus 3,5 %.<\/p>\n<p>En outre, le prix maximum du kilom\u00e8tre parcouru, fix\u00e9 \u00e0 1,12 \u20ac, est port\u00e9 \u00e0 1,16 \u20ac.<\/p>\n<p>Notez que les nouveaux tarifs entrent en vigueur \u00e0 la date fix\u00e9e par les arr\u00eat\u00e9s pr\u00e9fectoraux publi\u00e9s \u00e0 cet effet, et au plus tard le 1er mai 2022.<\/p>\n<p>Les modalit\u00e9s de cette revalorisation (information du client, modification de la table tarifaire, etc.) sont consultables <a href=\"https:\/\/www.legifrance.gouv.fr\/jorf\/id\/JORFTEXT000045462433\" target=\"_blank\" rel=\"noopener\">ici<\/a>.<\/p>\n<p>Source : Arr\u00eat\u00e9 du 29 mars 2022 portant revalorisation infra-annuelle des tarifs des courses de taxi en 2022<\/p>\n<p><a title=\"WebLeHausse du prix du carburant : revalorisation des tarifs des taxisx - \" href=\"https:\/\/www.weblex.fr\/weblex-actualite\/hausse-du-prix-du-carburant-revalorisation-des-tarifs-des-taxis\" target=\"_blank\" rel=\"noopener\">Hausse du prix du carburant : revalorisation des tarifs des taxis<\/a> \u00a9 Copyright WebLex &#8211; 2022<\/p>\n<\/div>\n","protected":false},"excerpt":{"rendered":"<p>Face \u00e0 la hausse du prix des carburants qui impacte l\u2019activit\u00e9 des chauffeurs de taxi, le gouvernement a d\u00e9cid\u00e9 de revaloriser leurs tarifs. Dans quelle mesure ?<\/p>\n","protected":false},"featured_media":2148,"template":"","weblex-importer-activity":[],"weblex-importer-category":[62,63],"weblex-importer-tag":[61],"weblex-importer-keyword":[],"_links":{"self":[{"href":"https:\/\/www.secvergnaud.com\/index.php\/wp-json\/wp\/v2\/weblex-importer-post\/2147"}],"collection":[{"href":"https:\/\/www.secvergnaud.com\/index.php\/wp-json\/wp\/v2\/weblex-importer-post"}],"about":[{"href":"https:\/\/www.secvergnaud.com\/index.php\/wp-json\/wp\/v2\/types\/weblex-importer-post"}],"wp:featuredmedia":[{"embeddable":true,"href":"https:\/\/www.secvergnaud.com\/index.php\/wp-json\/wp\/v2\/media\/2148"}],"wp:attachment":[{"href":"https:\/\/www.secvergnaud.com\/index.php\/wp-json\/wp\/v2\/media?parent=2147"}],"wp:term":[{"taxonomy":"weblex-importer-activity","embeddable":true,"href":"https:\/\/www.secvergnaud.com\/index.php\/wp-json\/wp\/v2\/weblex-importer-activity?post=2147"},{"taxonomy":"weblex-importer-category","embeddable":true,"href":"https:\/\/www.secvergnaud.com\/index.php\/wp-json\/wp\/v2\/weblex-importer-category?post=2147"},{"taxonomy":"weblex-importer-tag","embeddable":true,"href":"https:\/\/www.secvergnaud.com\/index.php\/wp-json\/wp\/v2\/weblex-importer-tag?post=2147"},{"taxonomy":"weblex-importer-keyword","embeddable":true,"href":"https:\/\/www.secvergnaud.com\/index.php\/wp-json\/wp\/v2\/weblex-importer-keyword?post=2147"}],"curies":[{"name":"wp","href":"https:\/\/api.w.org\/{rel}","templated":true}]}}