{"id":2139,"date":"2022-04-13T05:52:00","date_gmt":"2022-04-13T03:52:00","guid":{"rendered":"https:\/\/www.secvergnaud.com\/index.php\/les-infos-du-jour\/drones-attention-aux-controles-de-conformite\/"},"modified":"2022-04-13T05:52:00","modified_gmt":"2022-04-13T03:52:00","slug":"drones-attention-aux-controles-de-conformite","status":"publish","type":"weblex-importer-post","link":"https:\/\/www.secvergnaud.com\/index.php\/les-infos-du-jour\/drones-attention-aux-controles-de-conformite\/","title":{"rendered":"Drones : attention aux contr\u00f4les de conformit\u00e9 !"},"content":{"rendered":"<div>\n<h2> Drones : comment se d\u00e9roulent les contr\u00f4les de conformit\u00e9 ?<\/h2>\n<p>Pour pouvoir circuler, un a\u00e9ronef sans \u00e9quipage \u00e0 bord, commun\u00e9ment appel\u00e9 \u00ab drone \u00bb, doit respecter une r\u00e8glementation stricte pr\u00e9voyant notamment :<\/p>\n<ul>\n<li>le respect de certaines exigences en fonction de la classe \u00e0 laquelle appartiennent les produits, d\u00e9finies en fonction de leur poids, leur vitesse, leur stabilit\u00e9, leur altitude maximum, etc. ;<\/li>\n<li>un marquage CE obligatoire, pour attester de la conformit\u00e9 des produits \u00e0 la r\u00e8glementation de l\u2019Union europ\u00e9enne (UE) qui ne peut \u00eatre appos\u00e9 qu\u2019\u00e0 l\u2019issue d\u2019une proc\u00e9dure d\u2019\u00e9valuation de conformit\u00e9 ;<\/li>\n<li>des obligations \u00e0 la charge des distributeurs (v\u00e9rification du marquage CE, de la pr\u00e9sence des documents obligatoires, de l\u2019\u00e9tiquette d\u2019identification si besoin, etc.) ou des importateurs (v\u00e9rification de la r\u00e9alisation de la proc\u00e9dure d\u2019\u00e9valuation de l\u2019\u00e9laboration des documents techniques par le fabricant, etc.) mettant ce type de produit sur le march\u00e9 ;<\/li>\n<li>etc.<\/li>\n<\/ul>\n<p>Pour compl\u00e9ter cette r\u00e8glementation, de nouveaux ajustements viennent d\u2019\u00eatre mis en place afin de d\u00e9finir les modalit\u00e9s de contr\u00f4le de la conformit\u00e9 des drones. Celui-ci est effectu\u00e9 par un organisme accr\u00e9dit\u00e9, dont les agents peuvent :<\/p>\n<ul>\n<li>recueillir des renseignements et documents de toute nature, et exiger la mise \u00e0 disposition de moyens indispensables \u00e0 la v\u00e9rification des produits ;<\/li>\n<li>pr\u00e9lever des \u00e9chantillons du produit pour effectuer des analyses, tests et essais en laboratoire et en vol ;<\/li>\n<li>acc\u00e9der aux locaux de l\u2019entreprise ;<\/li>\n<li>etc.<\/li>\n<\/ul>\n<p>En outre, lorsque les agents constatent la non-conformit\u00e9 des produits, ils la notifient via un proc\u00e8s-verbal dans lequel ils pr\u00e9cisent, le cas \u00e9ch\u00e9ant, les mesures et sanctions encourues. Celles-ci peuvent prendre la forme :<\/p>\n<ul>\n<li>d\u2019un avertissement ;<\/li>\n<li>d\u2019une suspension de mise sur le march\u00e9 ;<\/li>\n<li>d\u2019un retrait du produit ;<\/li>\n<li>d\u2019une destruction du produit ;<\/li>\n<li>d\u2019une amende administrative ;<\/li>\n<li>etc.<\/li>\n<\/ul>\n<p>Enfin, le professionnel peut \u00e9galement \u00eatre condamn\u00e9 \u00e0 une amende p\u00e9nale dans les cas les plus graves.<\/p>\n<p><span style=\"text-decoration: underline\">Source<\/span> :<\/p>\n<ul>\n<li>Ordonnance n\u00b0 2022-455 du 30 mars 2022 relative \u00e0 la surveillance du march\u00e9 et au contr\u00f4le des produits mentionn\u00e9s au premier paragraphe de l&rsquo;article 2 du r\u00e8glement d\u00e9l\u00e9gu\u00e9 (UE) 2019\/945 de la Commission relatif aux syst\u00e8mes d&rsquo;a\u00e9ronefs sans \u00e9quipage \u00e0 bord et aux exploitants, issus de pays tiers, de syst\u00e8mes d&rsquo;a\u00e9ronefs sans \u00e9quipage \u00e0 bord<\/li>\n<li>Rapport au Pr\u00e9sident de la R\u00e9publique relatif \u00e0 l&rsquo;ordonnance n\u00b0 2022-455 du 30 mars 2022 relative \u00e0 la surveillance du march\u00e9 et au contr\u00f4le des produits mentionn\u00e9s au premier paragraphe de l&rsquo;article 2 du r\u00e8glement d\u00e9l\u00e9gu\u00e9 (UE) 2019\/945 de la Commission relatif aux syst\u00e8mes d&rsquo;a\u00e9ronefs sans \u00e9quipage \u00e0 bord et aux exploitants, issus de pays tiers, de syst\u00e8mes d&rsquo;a\u00e9ronefs sans \u00e9quipage \u00e0 bord<\/li>\n<\/ul>\n<p><a title=\"Drones : attention aux contr\u00f4les de conformit\u00e9 !\" href=\"https:\/\/www.weblex.fr\/weblex-actualite\/drones-attention-aux-controles-de-conformite\" rel=\"nofollow noopener\" target=\"_blank\">Drones : attention aux contr\u00f4les de conformit\u00e9 !<\/a>\u00a9 Copyright WebLex &#8211; 2022<\/p>\n<\/div>\n","protected":false},"excerpt":{"rendered":"<p>Les drones et les syst\u00e8mes d\u2019a\u00e9ronefs sans \u00e9quipage \u00e0 bord sont soumis \u00e0 une r\u00e8glementation stricte permettant de garantir la s\u00e9curit\u00e9 du public. Pour s\u2019assurer du respect de cette derni\u00e8re, des contr\u00f4les de conformit\u00e9 sont donc men\u00e9s. Comment se d\u00e9roulent-ils ? Quelles sont les sanctions ? R\u00e9ponses\u2026<\/p>\n","protected":false},"featured_media":2140,"template":"","weblex-importer-activity":[],"weblex-importer-category":[62,63],"weblex-importer-tag":[61],"weblex-importer-keyword":[],"_links":{"self":[{"href":"https:\/\/www.secvergnaud.com\/index.php\/wp-json\/wp\/v2\/weblex-importer-post\/2139"}],"collection":[{"href":"https:\/\/www.secvergnaud.com\/index.php\/wp-json\/wp\/v2\/weblex-importer-post"}],"about":[{"href":"https:\/\/www.secvergnaud.com\/index.php\/wp-json\/wp\/v2\/types\/weblex-importer-post"}],"wp:featuredmedia":[{"embeddable":true,"href":"https:\/\/www.secvergnaud.com\/index.php\/wp-json\/wp\/v2\/media\/2140"}],"wp:attachment":[{"href":"https:\/\/www.secvergnaud.com\/index.php\/wp-json\/wp\/v2\/media?parent=2139"}],"wp:term":[{"taxonomy":"weblex-importer-activity","embeddable":true,"href":"https:\/\/www.secvergnaud.com\/index.php\/wp-json\/wp\/v2\/weblex-importer-activity?post=2139"},{"taxonomy":"weblex-importer-category","embeddable":true,"href":"https:\/\/www.secvergnaud.com\/index.php\/wp-json\/wp\/v2\/weblex-importer-category?post=2139"},{"taxonomy":"weblex-importer-tag","embeddable":true,"href":"https:\/\/www.secvergnaud.com\/index.php\/wp-json\/wp\/v2\/weblex-importer-tag?post=2139"},{"taxonomy":"weblex-importer-keyword","embeddable":true,"href":"https:\/\/www.secvergnaud.com\/index.php\/wp-json\/wp\/v2\/weblex-importer-keyword?post=2139"}],"curies":[{"name":"wp","href":"https:\/\/api.w.org\/{rel}","templated":true}]}}