{"id":20892,"date":"2023-06-05T00:00:00","date_gmt":"2023-06-04T22:00:00","guid":{"rendered":"https:\/\/www.secvergnaud.com\/index.php\/les-infos-du-jour\/mobil-home-location-demplacement-et-pratiques-abusives\/"},"modified":"2023-06-05T00:00:00","modified_gmt":"2023-06-04T22:00:00","slug":"mobil-home-location-demplacement-et-pratiques-abusives","status":"publish","type":"weblex-importer-post","link":"https:\/\/www.secvergnaud.com\/index.php\/les-infos-du-jour\/mobil-home-location-demplacement-et-pratiques-abusives\/","title":{"rendered":"Mobil-home : location d\u2019emplacement et pratiques abusives"},"content":{"rendered":"<p>De nombreux Fran\u00e7ais ont fait le choix d\u2019acheter un mobil-home. Mais parce que cette petite r\u00e9sidence ne peut pas \u00eatre install\u00e9e n\u2019importe o\u00f9, les propri\u00e9taires sont dans une situation de d\u00e9pendance vis-\u00e0-vis des campings priv\u00e9s et municipaux qui leur louent, souvent \u00e0 l\u2019ann\u00e9e, un emplacement\u2026 Donnant ainsi naissance \u00e0 des pratiques abusives, d\u00e9nonc\u00e9es par 2 parlementaires.<\/p>\n<h2>Mobil-home : les gal\u00e8res sont dans le camping ?<\/h2>\n<p>Avec son prix attractif, le mobil-home attire de plus en plus de m\u00e9nages (r\u00e9sidence secondaire, investissement, voire habitation principale). Mais cette \u00ab petite maison \u00bb doit \u00eatre obligatoirement implant\u00e9e dans :<\/p>\n<ul>\n<li>un parc r\u00e9sidentiel de loisirs sp\u00e9cialement am\u00e9nag\u00e9 \u00e0 cet effet ;<\/li>\n<li>un village de vacances class\u00e9 en h\u00e9bergement l\u00e9ger ;<\/li>\n<li>une d\u00e9pendance d\u2019une maison familiale de vacances agr\u00e9\u00e9e ;<\/li>\n<li>un terrain de camping.<\/li>\n<\/ul>\n<p>Concr\u00e8tement, les propri\u00e9taires doivent signer un contrat de location d\u2019un emplacement aupr\u00e8s d\u2019un camping, priv\u00e9 ou municipal, en g\u00e9n\u00e9ral d\u2019une dur\u00e9e d\u2019un an renouvelable.<\/p>\n<p>Mais contrairement au bail d\u2019habitation ou au bail commercial, ce contrat de location n\u2019a pas de cadre sp\u00e9cifique : c\u2019est le principe de la libert\u00e9 contractuelle qui s\u2019applique\u2026<\/p>\n<p>\u2026Ce qui g\u00e9n\u00e8re des d\u00e9rives : certains gestionnaires de camping abusent, en effet, de cette libert\u00e9 contractuelle et de leur position de force dans leur propre int\u00e9r\u00eat, au d\u00e9triment du locataire.<\/p>\n<p>Ainsi, bien qu\u2019un mobil-home puisse avoir une \u00ab dur\u00e9e de vie \u00bb allant jusqu\u2019\u00e0 30 ans, certains bailleurs n\u2019h\u00e9sitent pas \u00e0 utiliser le contrat pour r\u00e9cup\u00e9rer leurs emplacements au bout d\u2019une dizaine d\u2019ann\u00e9es pour obtenir une nouvelle habitation mobile plus r\u00e9cente, donc plus valorisante pour leur camping. Comment proc\u00e8dent-ils ? Par l\u2019application stricte, et parfois abusive, des clauses du contrat :<\/p>\n<ul>\n<li>revalorisation importante du loyer contraignant le locataire \u00e0 partir ;<\/li>\n<li>limitation de l\u2019usage du mobil-home permis aux ascendants et descendants du propri\u00e9taire ;<\/li>\n<li>r\u00e9siliation anticip\u00e9e du bail.<\/li>\n<\/ul>\n<p>Ces pratiques visant \u00e0 expulser le mobil-home ind\u00e9sirable sont accompagn\u00e9es de d\u00e9rives au cours du contrat, comme la perception de droits d\u2019entr\u00e9e ou de commissions tr\u00e8s \u00e9lev\u00e9es.<\/p>\n<p>Des parlementaires ont donc alert\u00e9 le Gouvernement sur la situation pr\u00e9caire des propri\u00e9taires de mobil-homes qui ont, parfois, investi toutes leurs \u00e9conomies dans ce projet.<\/p>\n<p>Ce dernier confirme que le contrat de location des emplacements n\u2019est pas r\u00e9glement\u00e9. Mais parce que ce contrat est pass\u00e9 entre un g\u00e9rant de camping, c\u2019est-\u00e0-dire un professionnel, et un propri\u00e9taire de mobil-home, autrement dit un consommateur, il est r\u00e9gi par le droit de la consommation et sa r\u00e9glementation protectrice en mati\u00e8re de clauses abusives.<\/p>\n<p>Pour rappel, une clause est abusive lorsqu\u2019elle cr\u00e9\u00e9, au d\u00e9triment du consommateur, un d\u00e9s\u00e9quilibre significatif dans les droits et obligations des parties. Il existe 2 listes de clauses abusives, \u00e9tablies par la Commission des clauses abusives :<\/p>\n<ul>\n<li>les clauses \u00ab noires \u00bb, automatiquement interdites dans tous les contrats ;<\/li>\n<li>les clauses \u00ab grises \u00bb, pr\u00e9sum\u00e9es abusives, qui peuvent \u00eatre licites dans certaines situations.<\/li>\n<\/ul>\n<p>Le Gouvernement rappelle les dispositifs d\u00e9j\u00e0 mis en place pour prot\u00e9ger les locataires :<\/p>\n<ul>\n<li>r\u00e9daction d\u2019un mod\u00e8le-type de r\u00e8glement int\u00e9rieur pour les terrains de camping ;<\/li>\n<li>obligation pour les g\u00e9rants de remettre aux locataires une notice d\u2019information : ils doivent en effet recevoir sur un support durable, avant la conclusion du contrat, les informations relatives :\n<ul>\n<li>aux prix du loyer et des services et \u00e9quipements indispensables ;<\/li>\n<li>aux conditions de renouvellement et de modification du contrat ;<\/li>\n<li>\u00e0 la dur\u00e9e de la location ;<\/li>\n<li>aux modalit\u00e9s de revalorisation du loyer ;<\/li>\n<li>au d\u00e9lai de pr\u00e9avis.<\/li>\n<\/ul>\n<\/li>\n<\/ul>\n<p>Pour \u00e9viter tout d\u00e9s\u00e9quilibre, un contrat-type de location d\u2019emplacement est disponible. Cependant, le recours \u00e0 ce mod\u00e8le n\u2019est pas obligatoire&#8230;<\/p>\n<p>Retenez que le Gouvernement envisage de saisir prochainement la Commission des clauses abusives afin d\u2019\u00e9tudier les clauses composant ces contrats de location et de rep\u00e9rer les clauses abusives. Affaire \u00e0 suivre\u2026<\/p>\n<div>Sources :  <\/p>\n<ul>\n<li><a href=\"https:\/\/www.senat.fr\/questions\/base\/2022\/qSEQ221003376.html\" rel=\"noopener\" target=\"_blank\">R\u00e9ponse minist\u00e9rielle Dagbert du 27 avril 2023, S\u00e9nat, no 03376 : \u00ab Situation des propri\u00e9taires de mobil-home \u00bb<\/a><\/li>\n<li><a href=\"https:\/\/questions.assemblee-nationale.fr\/q16\/16-7682QE.htm\" rel=\"noopener\" target=\"_blank\">R\u00e9ponse minist\u00e9rielle Falcon du 23 mai 2023, Assembl\u00e9e nationale, no 7682 : \u00ab Probl\u00e8mes des propri\u00e9taires de mobil-homes sur les terrains de camping \u00bb<\/a><\/li>\n<\/ul>\n<\/div>\n<p><a href=\"https:\/\/www.weblex.fr\/weblex-actualite\/mobil-home-location-d-emplacement-et-pratiques-abusives\" target=\"_blank\" rel=\"noopener\">Mobil-home : location d\u2019emplacement et pratiques abusives<\/a> &#8211; \u00a9 Copyright WebLex<\/p>\n<p><img src=\"https:\/\/www.weblex.fr\/sites\/default\/files\/actualites\/images\/campingmobilhome.jpg\"><\/p>\n","protected":false},"excerpt":{"rendered":"<p>De nombreux Fran\u00e7ais ont fait le choix d\u2019acheter un mobil-home. Mais parce que cette petite r\u00e9sidence ne peut pas \u00eatre install\u00e9e n\u2019importe o\u00f9, les propri\u00e9taires sont dans une situation de d\u00e9pendance vis-\u00e0-vis des campings priv\u00e9s et municipaux qui leur louent, souvent \u00e0 l\u2019ann\u00e9e, un emplacement\u2026 Donnant ainsi naissance \u00e0 des pratiques abusives, d\u00e9nonc\u00e9es par 2 parlementaires.<\/p>\n","protected":false},"featured_media":20893,"template":"","weblex-importer-activity":[],"weblex-importer-category":[62,63],"weblex-importer-tag":[198],"weblex-importer-keyword":[],"_links":{"self":[{"href":"https:\/\/www.secvergnaud.com\/index.php\/wp-json\/wp\/v2\/weblex-importer-post\/20892"}],"collection":[{"href":"https:\/\/www.secvergnaud.com\/index.php\/wp-json\/wp\/v2\/weblex-importer-post"}],"about":[{"href":"https:\/\/www.secvergnaud.com\/index.php\/wp-json\/wp\/v2\/types\/weblex-importer-post"}],"wp:featuredmedia":[{"embeddable":true,"href":"https:\/\/www.secvergnaud.com\/index.php\/wp-json\/wp\/v2\/media\/20893"}],"wp:attachment":[{"href":"https:\/\/www.secvergnaud.com\/index.php\/wp-json\/wp\/v2\/media?parent=20892"}],"wp:term":[{"taxonomy":"weblex-importer-activity","embeddable":true,"href":"https:\/\/www.secvergnaud.com\/index.php\/wp-json\/wp\/v2\/weblex-importer-activity?post=20892"},{"taxonomy":"weblex-importer-category","embeddable":true,"href":"https:\/\/www.secvergnaud.com\/index.php\/wp-json\/wp\/v2\/weblex-importer-category?post=20892"},{"taxonomy":"weblex-importer-tag","embeddable":true,"href":"https:\/\/www.secvergnaud.com\/index.php\/wp-json\/wp\/v2\/weblex-importer-tag?post=20892"},{"taxonomy":"weblex-importer-keyword","embeddable":true,"href":"https:\/\/www.secvergnaud.com\/index.php\/wp-json\/wp\/v2\/weblex-importer-keyword?post=20892"}],"curies":[{"name":"wp","href":"https:\/\/api.w.org\/{rel}","templated":true}]}}