{"id":2073,"date":"2022-04-08T05:45:00","date_gmt":"2022-04-08T03:45:00","guid":{"rendered":"https:\/\/www.secvergnaud.com\/index.php\/les-infos-du-jour\/un-constat-derreur-sur-le-reglement-interieur-national-des-huissiers-de-justice\/"},"modified":"2022-04-08T05:45:00","modified_gmt":"2022-04-08T03:45:00","slug":"un-constat-derreur-sur-le-reglement-interieur-national-des-huissiers-de-justice","status":"publish","type":"weblex-importer-post","link":"https:\/\/www.secvergnaud.com\/index.php\/les-infos-du-jour\/un-constat-derreur-sur-le-reglement-interieur-national-des-huissiers-de-justice\/","title":{"rendered":"Un constat d\u2019erreur sur le r\u00e8glement int\u00e9rieur national des huissiers de justice ?"},"content":{"rendered":"<div>\n<h2>Une remise en cause des r\u00e8gles relatives aux indemnit\u00e9s de transport<\/h2>\n<p>Depuis 2018, l&rsquo;indemnisation des frais de d\u00e9placement est \u00e9tendue au-del\u00e0 d&rsquo;un rayon de 25 km autour du lieu de r\u00e9sidence de l&rsquo;huissier, tout en \u00e9tant restreinte aux seules communes du canton de r\u00e9sidence et aux cantons limitrophes.<\/p>\n<p>En outre, le remboursement de ces frais est limit\u00e9 aux seuls d\u00e9placements effectu\u00e9s pour les actes pour lesquels les huissiers de justice sont requis.<\/p>\n<p>Ces r\u00e8gles sont inscrites dans le r\u00e8glement int\u00e9rieur de la chambre nationale des huissiers de justice.<\/p>\n<p>Une erreur, selon une \u00e9tude d\u2019huissiers, pour qui ces r\u00e8gles n\u2019ont pas lieu d\u2019\u00eatre et doivent \u00eatre annul\u00e9es.<\/p>\n<p>Ce que confirme le juge, qui donne 2 mois au ministre de la Justice pour prendre les mesures n\u00e9cessaires, afin de mettre le r\u00e8glement int\u00e9rieur de la chambre nationale en conformit\u00e9 avec la loi. A suivre\u2026<\/p>\n<p>Source : Arr\u00eat du Conseil d\u2019Etat du 21 mars 2022, n\u00b0 437072<\/p>\n<p><a title=\"WebLex - Un constat d\u2019erreur sur le r\u00e8glement int\u00e9rieur national des huissiers de justice ?\" href=\"https:\/\/www.weblex.fr\/weblex-actualite\/un-constat-derreur-sur-le-reglement-interieur-national-des-huissiers-de-justice\" target=\"_blank\" rel=\"noopener\">Un constat d\u2019erreur sur le r\u00e8glement int\u00e9rieur national des huissiers de justice ?<\/a> \u00a9 Copyright WebLex &#8211; 2022<\/p>\n<\/div>\n","protected":false},"excerpt":{"rendered":"<p>Le r\u00e8glement int\u00e9rieur de la chambre nationale des huissiers de justice comporte-t-il une erreur concernant le calcul des indemnit\u00e9s de transport qui peuvent \u00eatre rembours\u00e9es aux huissiers de justice ? R\u00e9ponse du juge\u2026<\/p>\n","protected":false},"featured_media":2074,"template":"","weblex-importer-activity":[],"weblex-importer-category":[62,63],"weblex-importer-tag":[61],"weblex-importer-keyword":[],"_links":{"self":[{"href":"https:\/\/www.secvergnaud.com\/index.php\/wp-json\/wp\/v2\/weblex-importer-post\/2073"}],"collection":[{"href":"https:\/\/www.secvergnaud.com\/index.php\/wp-json\/wp\/v2\/weblex-importer-post"}],"about":[{"href":"https:\/\/www.secvergnaud.com\/index.php\/wp-json\/wp\/v2\/types\/weblex-importer-post"}],"wp:featuredmedia":[{"embeddable":true,"href":"https:\/\/www.secvergnaud.com\/index.php\/wp-json\/wp\/v2\/media\/2074"}],"wp:attachment":[{"href":"https:\/\/www.secvergnaud.com\/index.php\/wp-json\/wp\/v2\/media?parent=2073"}],"wp:term":[{"taxonomy":"weblex-importer-activity","embeddable":true,"href":"https:\/\/www.secvergnaud.com\/index.php\/wp-json\/wp\/v2\/weblex-importer-activity?post=2073"},{"taxonomy":"weblex-importer-category","embeddable":true,"href":"https:\/\/www.secvergnaud.com\/index.php\/wp-json\/wp\/v2\/weblex-importer-category?post=2073"},{"taxonomy":"weblex-importer-tag","embeddable":true,"href":"https:\/\/www.secvergnaud.com\/index.php\/wp-json\/wp\/v2\/weblex-importer-tag?post=2073"},{"taxonomy":"weblex-importer-keyword","embeddable":true,"href":"https:\/\/www.secvergnaud.com\/index.php\/wp-json\/wp\/v2\/weblex-importer-keyword?post=2073"}],"curies":[{"name":"wp","href":"https:\/\/api.w.org\/{rel}","templated":true}]}}