{"id":19818,"date":"2023-06-01T00:00:00","date_gmt":"2023-05-31T22:00:00","guid":{"rendered":"https:\/\/www.secvergnaud.com\/index.php\/les-infos-du-jour\/voiture-sans-permis-la-reglementation-evolue\/"},"modified":"2023-06-01T00:00:00","modified_gmt":"2023-05-31T22:00:00","slug":"voiture-sans-permis-la-reglementation-evolue","status":"publish","type":"weblex-importer-post","link":"https:\/\/www.secvergnaud.com\/index.php\/les-infos-du-jour\/voiture-sans-permis-la-reglementation-evolue\/","title":{"rendered":"Voiture sans permis : la r\u00e9glementation \u00e9volue ?"},"content":{"rendered":"<p>Depuis 2 ans, les ventes de voitures sans permis sont en tr\u00e8s grande progression. Or il est possible de conduire de telles voitures d\u00e8s l\u2019\u00e2ge de 14 ans. De quoi justifier, selon un s\u00e9nateur, un renforcement de la formation des conducteurs. Qu\u2019en pense le Gouvernement ?<\/p>\n<h2>Formation des conducteurs de voiture sans permis : un renforcement ?<\/h2>\n<p>Interrog\u00e9 sur le point de savoir s\u2019il comptait renforcer la formation des personnes conduisant des voitures sans permis, dont les ventes ne cessent d\u2019augmenter, le Gouvernement apporte la r\u00e9ponse suivante : la D\u00e9l\u00e9gation \u00e0 la s\u00e9curit\u00e9 routi\u00e8re va se servir de cette proposition pour nourrir sa r\u00e9flexion, aux fins d&rsquo;am\u00e9liorer la s\u00e9curit\u00e9 routi\u00e8re.<\/p>\n<p>Affaire \u00e0 suivre donc\u2026<\/p>\n<p>Le Gouvernement en profite pour rappeler que les conducteurs de voiture sans permis ne sont pas sans formation : depuis 2013, en effet, il a \u00e9t\u00e9 cr\u00e9\u00e9 la cat\u00e9gorie de permis de conduire \u00ab AM \u00bb qui autorise, \u00e0 compter de 14 ans, la conduite des v\u00e9hicules \u00e0 deux ou trois roues ayant une vitesse maximale de 45 km\/h (cyclomoteurs et tricycles &lt;4 Kw), ainsi que des quadricycles l\u00e9gers (voitures sans permis).<\/p>\n<p>Concr\u00e8tement, cela signifie que les personnes n\u00e9es \u00e0 partir de 1988 doivent avoir le brevet de s\u00e9curit\u00e9 routi\u00e8re (BSR) pour pouvoir conduire une voiture sans permis.<\/p>\n<p>Pour pouvoir s\u2019inscrire au BSR, il faut avoir suivi la formation th\u00e9orique de l&rsquo;apprentissage du code de la route donnant lieu \u00e0 la remise de l&rsquo;Attestation Scolaire de S\u00e9curit\u00e9 Routi\u00e8re (ASSR), d\u00e9livr\u00e9e pendant le temps scolaire.<\/p>\n<p>Si le futur conducteur est mineur, l\u2019autorisation des parents ou du tuteur est imp\u00e9rative !<\/p>\n<p>Cette attestation comporte 2 niveaux : l\u2019ASSR 1 et l\u2019ASSR 2.<\/p>\n<p>L&rsquo;\u00e9preuve permettant l\u2019obtention des ASSR prend la forme de 20 s\u00e9quences vid\u00e9o illustrant des questions \u00e0 choix multiples (QCM). Il est n\u00e9cessaire d&rsquo;obtenir au moins la note de 10\/20 pour obtenir ces attestations.<\/p>\n<p>Quant \u00e0 la formation BSR, elle doit \u00eatre suivie dans un \u00e9tablissement agr\u00e9\u00e9 par la pr\u00e9fecture (\u00e9coles de conduite, associations, etc.). Elle dure au minimum 8 heures, r\u00e9parties sur 2 jours au moins et comprend :<\/p>\n<ul>\n<li>une s\u00e9quence dont l&rsquo;objectif est d&rsquo;\u00e9changer avec les \u00e9l\u00e8ves sur la s\u00e9curit\u00e9 routi\u00e8re (les comportements, les risques, leurs limites, etc.) ;<\/li>\n<li>deux s\u00e9quences consacr\u00e9es \u00e0 la formation \u00e0 la conduite hors circulation et \u00e0 la formation \u00e0 la conduite en circulation ;<\/li>\n<li>une s\u00e9quence d\u00e9di\u00e9e \u00e0 l&rsquo;acquisition\/r\u00e9vision des connaissances de base du code de la route ;<\/li>\n<li>une s\u00e9quence relative \u00e0 la sensibilisation aux risques routiers, en pr\u00e9sence de l&rsquo;un au moins des parents ou du repr\u00e9sentant l\u00e9gal de l&rsquo;\u00e9l\u00e8ve mineur.<\/li>\n<\/ul>\n<div>Sources :  <\/p>\n<ul>\n<li><a href=\"https:\/\/www.senat.fr\/questions\/base\/2022\/qSEQ220701416.html\" rel=\"noopener\" target=\"_blank\">R\u00e9ponse minist\u00e9rielle M\u00e9lot du 25 mai 2023, S\u00e9nat, n\u00b0 01416 : \u00ab Voitures sans permis \u00bb<\/a><\/li>\n<\/ul>\n<\/div>\n<p><a href=\"https:\/\/www.weblex.fr\/weblex-actualite\/voiture-sans-permis-la-reglementation-evolue\" target=\"_blank\" rel=\"noopener\">Voiture sans permis : la r\u00e9glementation \u00e9volue ?<\/a> &#8211; \u00a9 Copyright WebLex<\/p>\n<p><img src=\"https:\/\/www.weblex.fr\/sites\/default\/files\/actualites\/images\/voiturette.jpg\"><\/p>\n","protected":false},"excerpt":{"rendered":"<p>Depuis 2 ans, les ventes de voitures sans permis sont en tr\u00e8s grande progression. Or il est possible de conduire de telles voitures d\u00e8s l\u2019\u00e2ge de 14 ans. De quoi justifier, selon un s\u00e9nateur, un renforcement de la formation des conducteurs. Qu\u2019en pense le Gouvernement ?<\/p>\n","protected":false},"featured_media":19819,"template":"","weblex-importer-activity":[],"weblex-importer-category":[62,64],"weblex-importer-tag":[198],"weblex-importer-keyword":[],"_links":{"self":[{"href":"https:\/\/www.secvergnaud.com\/index.php\/wp-json\/wp\/v2\/weblex-importer-post\/19818"}],"collection":[{"href":"https:\/\/www.secvergnaud.com\/index.php\/wp-json\/wp\/v2\/weblex-importer-post"}],"about":[{"href":"https:\/\/www.secvergnaud.com\/index.php\/wp-json\/wp\/v2\/types\/weblex-importer-post"}],"wp:featuredmedia":[{"embeddable":true,"href":"https:\/\/www.secvergnaud.com\/index.php\/wp-json\/wp\/v2\/media\/19819"}],"wp:attachment":[{"href":"https:\/\/www.secvergnaud.com\/index.php\/wp-json\/wp\/v2\/media?parent=19818"}],"wp:term":[{"taxonomy":"weblex-importer-activity","embeddable":true,"href":"https:\/\/www.secvergnaud.com\/index.php\/wp-json\/wp\/v2\/weblex-importer-activity?post=19818"},{"taxonomy":"weblex-importer-category","embeddable":true,"href":"https:\/\/www.secvergnaud.com\/index.php\/wp-json\/wp\/v2\/weblex-importer-category?post=19818"},{"taxonomy":"weblex-importer-tag","embeddable":true,"href":"https:\/\/www.secvergnaud.com\/index.php\/wp-json\/wp\/v2\/weblex-importer-tag?post=19818"},{"taxonomy":"weblex-importer-keyword","embeddable":true,"href":"https:\/\/www.secvergnaud.com\/index.php\/wp-json\/wp\/v2\/weblex-importer-keyword?post=19818"}],"curies":[{"name":"wp","href":"https:\/\/api.w.org\/{rel}","templated":true}]}}