{"id":19816,"date":"2023-06-01T00:00:00","date_gmt":"2023-05-31T22:00:00","guid":{"rendered":"https:\/\/www.secvergnaud.com\/index.php\/les-infos-du-jour\/fusion-de-la-carte-vitale-et-de-la-carte-didentite-attention-aux-donnees-sensibles\/"},"modified":"2023-06-01T00:00:00","modified_gmt":"2023-05-31T22:00:00","slug":"fusion-de-la-carte-vitale-et-de-la-carte-didentite-attention-aux-donnees-sensibles","status":"publish","type":"weblex-importer-post","link":"https:\/\/www.secvergnaud.com\/index.php\/les-infos-du-jour\/fusion-de-la-carte-vitale-et-de-la-carte-didentite-attention-aux-donnees-sensibles\/","title":{"rendered":"Fusion de la carte vitale et de la carte d\u2019identit\u00e9 : attention aux donn\u00e9es sensibles !"},"content":{"rendered":"<p>Dans le cadre de son plan de lutte contre les fraudes, le Gouvernement a lanc\u00e9 une mission commune pour travailler sur la fusion de la carte nationale d\u2019identit\u00e9 et de la carte vitale. Ce projet touchant des donn\u00e9es personnelles tr\u00e8s sensibles, la CNIL a d\u2019ores et d\u00e9j\u00e0 soulev\u00e9 certains points de vigilance. Lesquels ?<\/p>\n<h2>Protection des donn\u00e9es et acc\u00e8s restreint au secteur m\u00e9dical : les points de vigilance de la CNIL<\/h2>\n<p>Si le Gouvernement a \u00e9cart\u00e9 la solution de la carte biom\u00e9trique qui faisait l\u2019objet de r\u00e9ticences de la part de la CNIL, le projet de fusion entre la carte nationale d\u2019identit\u00e9 (CNI) et la carte vitale soul\u00e8ve \u00e9galement des questions en mati\u00e8re de protection des donn\u00e9es personnelles.<\/p>\n<p>Tout d\u2019abord, la CNIL appelle \u00e0 \u00e9valuer la fraude sociale, \u00e0 l\u2019origine du projet de fusion, afin d\u2019apporter des solutions proportionn\u00e9es et de s\u2019assurer que l\u2019utilisation de la CNI au lieu de la carte vitale participe bien \u00e0 diminuer ce ph\u00e9nom\u00e8ne.<\/p>\n<p>Elle rappelle ensuite que le num\u00e9ro de s\u00e9curit\u00e9 sociale (NIR) est une donn\u00e9e unique, propre \u00e0 chacun et particuli\u00e8rement sensible. La CNIL donc a formul\u00e9 plusieurs recommandations :&nbsp;<\/p>\n<ul>\n<li>inscrire le NIR dans un compartiment cloisonn\u00e9 au sein de la puce \u00e9lectronique des nouvelles \u00ab cartes d\u2019identit\u00e9 \u00e9lectroniques \u00bb et ne le rendre lisible que par le secteur m\u00e9dical et m\u00e9dico-social ;<\/li>\n<li>adopter des mesures de s\u00e9curit\u00e9 afin de garantir que le NIR ne soit pas communiqu\u00e9 \u00e0 d\u2019autres acteurs ;<\/li>\n<li>appliquer le secret professionnel \u00e0 toute personne acc\u00e9dant au NIR (par exemple lors de la cr\u00e9ation de sa carte) ;<\/li>\n<li>pr\u00e9voir la possibilit\u00e9 pour l\u2019assur\u00e9 de s\u2019opposer \u00e0 l\u2019inscription de son NIR sur son titre d\u2019identit\u00e9 ;<\/li>\n<li>maintenir des alternatives \u00e0 l\u2019utilisation de la CNI ;<\/li>\n<li>laisser la possibilit\u00e9 aux assur\u00e9s de confier leur carte vitale \u00e0 un tiers (par exemple pour permettre \u00e0 leur famille d\u2019aller chercher leurs m\u00e9dicaments).<\/li>\n<\/ul>\n<div>Sources :  <\/p>\n<ul>\n<li><a href=\"https:\/\/presse.economie.gouv.fr\/881-lancement-dune-mission-commune-sur-la-fusion-de-la-carte-nationale-didentite-et-de-la-carte-vitale\/\" rel=\"noopener\" target=\"_blank\">Communiqu\u00e9 de presse no&nbsp;881 des minist\u00e8res de l\u2019Int\u00e9rieur et des Outre-mer, de la Sant\u00e9 et de la Pr\u00e9vention et des Comptes publics du 30 mai 2023 : \u00ab Lancement d\u2019une mission commune sur la fusion de la Carte Nationale d\u2019Identit\u00e9 et de la Carte vitale \u00bb<\/a><\/li>\n<li><a href=\"https:\/\/www.cnil.fr\/fr\/fusion-de-la-carte-vitale-et-de-la-carte-didentite-les-points-dattention-de-la-cnil-concernant-la\" rel=\"noopener\" target=\"_blank\">Article de la CNIL du 30 mai 2023 : \u00ab Fusion de la carte Vitale et de la carte d\u2019identit\u00e9 : les points d\u2019attention de la CNIL concernant la protection des donn\u00e9es \u00bb<\/a><\/li>\n<\/ul>\n<\/div>\n<p><a href=\"https:\/\/www.weblex.fr\/weblex-actualite\/fusion-de-la-carte-vitale-et-de-la-carte-d-identite-attention-aux-donnees-sensibles\" target=\"_blank\" rel=\"noopener\">Carte vitale et carte d\u2019identit\u00e9 : une pour toutes et toutes pour un !<\/a> &#8211; \u00a9 Copyright WebLex<\/p>\n<p><img src=\"https:\/\/www.weblex.fr\/sites\/default\/files\/actualites\/images\/cartessuperposees.jpg\"><\/p>\n","protected":false},"excerpt":{"rendered":"<p>Dans le cadre de son plan de lutte contre les fraudes, le Gouvernement a lanc\u00e9 une mission commune pour travailler sur la fusion de la carte nationale d\u2019identit\u00e9 et de la carte vitale. Ce projet touchant des donn\u00e9es personnelles tr\u00e8s sensibles, la CNIL a d\u2019ores et d\u00e9j\u00e0 soulev\u00e9 certains points de vigilance. Lesquels ?<\/p>\n","protected":false},"featured_media":19817,"template":"","weblex-importer-activity":[],"weblex-importer-category":[62,64],"weblex-importer-tag":[198],"weblex-importer-keyword":[],"_links":{"self":[{"href":"https:\/\/www.secvergnaud.com\/index.php\/wp-json\/wp\/v2\/weblex-importer-post\/19816"}],"collection":[{"href":"https:\/\/www.secvergnaud.com\/index.php\/wp-json\/wp\/v2\/weblex-importer-post"}],"about":[{"href":"https:\/\/www.secvergnaud.com\/index.php\/wp-json\/wp\/v2\/types\/weblex-importer-post"}],"wp:featuredmedia":[{"embeddable":true,"href":"https:\/\/www.secvergnaud.com\/index.php\/wp-json\/wp\/v2\/media\/19817"}],"wp:attachment":[{"href":"https:\/\/www.secvergnaud.com\/index.php\/wp-json\/wp\/v2\/media?parent=19816"}],"wp:term":[{"taxonomy":"weblex-importer-activity","embeddable":true,"href":"https:\/\/www.secvergnaud.com\/index.php\/wp-json\/wp\/v2\/weblex-importer-activity?post=19816"},{"taxonomy":"weblex-importer-category","embeddable":true,"href":"https:\/\/www.secvergnaud.com\/index.php\/wp-json\/wp\/v2\/weblex-importer-category?post=19816"},{"taxonomy":"weblex-importer-tag","embeddable":true,"href":"https:\/\/www.secvergnaud.com\/index.php\/wp-json\/wp\/v2\/weblex-importer-tag?post=19816"},{"taxonomy":"weblex-importer-keyword","embeddable":true,"href":"https:\/\/www.secvergnaud.com\/index.php\/wp-json\/wp\/v2\/weblex-importer-keyword?post=19816"}],"curies":[{"name":"wp","href":"https:\/\/api.w.org\/{rel}","templated":true}]}}