{"id":19750,"date":"2023-05-31T00:00:00","date_gmt":"2023-05-30T22:00:00","guid":{"rendered":"https:\/\/www.secvergnaud.com\/index.php\/les-infos-du-jour\/vols-interieurs-des-precisions-sur-les-alternatives-ferroviaires\/"},"modified":"2023-05-31T00:00:00","modified_gmt":"2023-05-30T22:00:00","slug":"vols-interieurs-des-precisions-sur-les-alternatives-ferroviaires","status":"publish","type":"weblex-importer-post","link":"https:\/\/www.secvergnaud.com\/index.php\/les-infos-du-jour\/vols-interieurs-des-precisions-sur-les-alternatives-ferroviaires\/","title":{"rendered":"Vols int\u00e9rieurs : des pr\u00e9cisions sur les alternatives ferroviaires"},"content":{"rendered":"<p>\u00c0 l\u2019heure o\u00f9 les sujets environnementaux nous am\u00e8nent \u00e0 remettre en question plusieurs de nos acquis, l\u2019aviation a souvent \u00e9t\u00e9 point\u00e9e du doigt. Le Gouvernement avait d\u2019ailleurs annonc\u00e9 son intention de r\u00e9duire les vols publics int\u00e9rieurs\u2026 Qu\u2019en est-il ?<\/p>\n<h2>Quand faudra-t-il prendre le train plut\u00f4t que l\u2019avion ?<\/h2>\n<p>Depuis le 27 mars 2022, l\u2019interdiction de transport a\u00e9rien public lorsqu\u2019une alternative ferroviaire de moins de 2h30 existe est fix\u00e9e.<\/p>\n<p>Cependant, pour qu\u2019elle soit pleinement applicable, des pr\u00e9cisions devaient \u00eatre apport\u00e9es, notamment sur le point de savoir ce qui constitue pr\u00e9cis\u00e9ment une alternative ferroviaire suffisante pour justifier l\u2019interdiction d\u2019exploitation d\u2019une ligne.<\/p>\n<p>Pour entrer dans le p\u00e9rim\u00e8tre de cette nouvelle r\u00e8gle, une liaison ferroviaire du r\u00e9seau national doit remplir les conditions suivantes :<\/p>\n<ul>\n<li>durer moins de 2h30 ;<\/li>\n<li>se faire sans correspondance ;<\/li>\n<li>assurer plusieurs liaisons par jour et dans les deux sens ;<\/li>\n<li>se faire \u00e0 des conditions tarifaires abordables ;<\/li>\n<li>se faire \u00e0 une fr\u00e9quence suffisante et \u00e0 des horaires appropri\u00e9s ;<\/li>\n<li>permettre une pr\u00e9sence sur place de plus de 8h cons\u00e9cutives tout au long de l\u2019ann\u00e9e ;<\/li>\n<li>desservir les m\u00eames villes que les a\u00e9roports concern\u00e9s et si le plus important des deux a\u00e9roports est directement desservi par un service ferroviaire \u00e0 grande vitesse, la gare prise en compte est celle de l\u2019a\u00e9roport (et pas celle de la ville).<\/li>\n<\/ul>\n<p>Seules 3 liaisons se trouvent, de fait, concern\u00e9es par cette interdiction :<\/p>\n<ul>\n<li>Paris-Orly \u2013 Nantes ;<\/li>\n<li>Paris-Orly \u2013 Lyon ;<\/li>\n<li>Paris-Orly \u2013 Bordeaux.<\/li>\n<\/ul>\n<p>Deux fois par an, le ministre en charge de l\u2019aviation civile devra \u00e9valuer l\u2019ensemble des offres de transport a\u00e9rien et ferroviaire afin de d\u00e9terminer si d\u2019autres liaisons sont susceptibles de tomber sous le coup de cette interdiction.<\/p>\n<p><img src=\"https:\/\/www.weblex.fr\/sites\/default\/files\/actualites\/images\/avion.jpg\"><\/p>\n","protected":false},"excerpt":{"rendered":"<p>\u00c0 l\u2019heure o\u00f9 les sujets environnementaux nous am\u00e8nent \u00e0 remettre en question plusieurs de nos acquis, l\u2019aviation a souvent \u00e9t\u00e9 point\u00e9e du doigt. Le Gouvernement avait d\u2019ailleurs annonc\u00e9 son intention de r\u00e9duire les vols publics int\u00e9rieurs\u2026 Qu\u2019en est-il ?<\/p>\n","protected":false},"featured_media":19751,"template":"","weblex-importer-activity":[],"weblex-importer-category":[62,63],"weblex-importer-tag":[198],"weblex-importer-keyword":[],"_links":{"self":[{"href":"https:\/\/www.secvergnaud.com\/index.php\/wp-json\/wp\/v2\/weblex-importer-post\/19750"}],"collection":[{"href":"https:\/\/www.secvergnaud.com\/index.php\/wp-json\/wp\/v2\/weblex-importer-post"}],"about":[{"href":"https:\/\/www.secvergnaud.com\/index.php\/wp-json\/wp\/v2\/types\/weblex-importer-post"}],"wp:featuredmedia":[{"embeddable":true,"href":"https:\/\/www.secvergnaud.com\/index.php\/wp-json\/wp\/v2\/media\/19751"}],"wp:attachment":[{"href":"https:\/\/www.secvergnaud.com\/index.php\/wp-json\/wp\/v2\/media?parent=19750"}],"wp:term":[{"taxonomy":"weblex-importer-activity","embeddable":true,"href":"https:\/\/www.secvergnaud.com\/index.php\/wp-json\/wp\/v2\/weblex-importer-activity?post=19750"},{"taxonomy":"weblex-importer-category","embeddable":true,"href":"https:\/\/www.secvergnaud.com\/index.php\/wp-json\/wp\/v2\/weblex-importer-category?post=19750"},{"taxonomy":"weblex-importer-tag","embeddable":true,"href":"https:\/\/www.secvergnaud.com\/index.php\/wp-json\/wp\/v2\/weblex-importer-tag?post=19750"},{"taxonomy":"weblex-importer-keyword","embeddable":true,"href":"https:\/\/www.secvergnaud.com\/index.php\/wp-json\/wp\/v2\/weblex-importer-keyword?post=19750"}],"curies":[{"name":"wp","href":"https:\/\/api.w.org\/{rel}","templated":true}]}}