{"id":1949,"date":"2022-03-29T05:48:00","date_gmt":"2022-03-29T03:48:00","guid":{"rendered":"https:\/\/www.secvergnaud.com\/index.php\/les-infos-du-jour\/reduction-de-cotisations-sociales-au-titre-des-heures-supplementaires-des-precisions\/"},"modified":"2022-03-29T05:48:00","modified_gmt":"2022-03-29T03:48:00","slug":"reduction-de-cotisations-sociales-au-titre-des-heures-supplementaires-des-precisions","status":"publish","type":"weblex-importer-post","link":"https:\/\/www.secvergnaud.com\/index.php\/les-infos-du-jour\/reduction-de-cotisations-sociales-au-titre-des-heures-supplementaires-des-precisions\/","title":{"rendered":"R\u00e9duction de cotisations sociales au titre des heures suppl\u00e9mentaires : des pr\u00e9cisions"},"content":{"rendered":"<div>\n<h2> Des pr\u00e9cisions techniques\u2026<\/h2>\n<p>Pour rappel, le 1er f\u00e9vrier 2022, une nouvelle rubrique concernant les r\u00e9ductions de cotisations salariales au titre des heures suppl\u00e9mentaires ou compl\u00e9mentaires a \u00e9t\u00e9 int\u00e9gr\u00e9e dans le Boss (bulletin officiel de la S\u00e9curit\u00e9 sociale).<\/p>\n<p>Celle-ci a r\u00e9cemment fait l\u2019objet de plusieurs mises \u00e0 jour. Ainsi, il est notamment pr\u00e9vu :<\/p>\n<ul>\n<li>qu\u2019en cas d\u2019absence du salari\u00e9 avec maintien partiel ou sans maintien de la r\u00e9mun\u00e9ration, les heures suppl\u00e9mentaires dites \u00ab structurelles \u00bb ne sont pas prises en compte pour le calcul de la d\u00e9duction forfaitaire patronale, \u00e0 l&rsquo;inverse de la r\u00e9duction de cotisations salariales ;<\/li>\n<li>qu\u2019il ne peut y avoir d\u2019heures suppl\u00e9mentaires dites \u00ab structurelles \u00bb dans le cas d\u2019un contrat en temps partiel ou d\u2019un contrat en temps partiel th\u00e9rapeutique ;<\/li>\n<li>que la r\u00e9duction de cotisations est, comme la d\u00e9duction forfaitaire patronale, conditionn\u00e9e au respect par l\u2019employeur des dispositions l\u00e9gales et conventionnelles relatives \u00e0 la dur\u00e9e de travail ;<\/li>\n<li>etc.<\/li>\n<\/ul>\n<p><span style=\"text-decoration: underline\">Source<\/span> : Mise \u00e0 jour du bulletin officiel de la S\u00e9curit\u00e9 sociale (BOSS), du 11 mars 2022<\/p>\n<p><a title=\"R\u00e9duction de cotisations sociales au titre des heures suppl\u00e9mentaires : des pr\u00e9cisions\" href=\"https:\/\/www.weblex.fr\/weblex-actualite\/reduction-de-cotisations-sociales-au-titre-des-heures-supplementaires-des-precisions\" rel=\"nofollow noopener\" target=\"_blank\">R\u00e9duction de cotisations sociales au titre des heures suppl\u00e9mentaires : des pr\u00e9cisions<\/a> \u00a9 Copyright WebLex &#8211; 2022<\/p>\n<\/div>\n","protected":false},"excerpt":{"rendered":"<p>Des pr\u00e9cisions sur les r\u00e9ductions de cotisations salariales au titre des heures suppl\u00e9mentaires et compl\u00e9mentaires viennent d\u2019\u00eatre apport\u00e9es par l\u2019administration. Concr\u00e8tement, qu\u2019est-ce qui change ?<\/p>\n","protected":false},"featured_media":1950,"template":"","weblex-importer-activity":[],"weblex-importer-category":[62,65],"weblex-importer-tag":[61],"weblex-importer-keyword":[],"_links":{"self":[{"href":"https:\/\/www.secvergnaud.com\/index.php\/wp-json\/wp\/v2\/weblex-importer-post\/1949"}],"collection":[{"href":"https:\/\/www.secvergnaud.com\/index.php\/wp-json\/wp\/v2\/weblex-importer-post"}],"about":[{"href":"https:\/\/www.secvergnaud.com\/index.php\/wp-json\/wp\/v2\/types\/weblex-importer-post"}],"wp:featuredmedia":[{"embeddable":true,"href":"https:\/\/www.secvergnaud.com\/index.php\/wp-json\/wp\/v2\/media\/1950"}],"wp:attachment":[{"href":"https:\/\/www.secvergnaud.com\/index.php\/wp-json\/wp\/v2\/media?parent=1949"}],"wp:term":[{"taxonomy":"weblex-importer-activity","embeddable":true,"href":"https:\/\/www.secvergnaud.com\/index.php\/wp-json\/wp\/v2\/weblex-importer-activity?post=1949"},{"taxonomy":"weblex-importer-category","embeddable":true,"href":"https:\/\/www.secvergnaud.com\/index.php\/wp-json\/wp\/v2\/weblex-importer-category?post=1949"},{"taxonomy":"weblex-importer-tag","embeddable":true,"href":"https:\/\/www.secvergnaud.com\/index.php\/wp-json\/wp\/v2\/weblex-importer-tag?post=1949"},{"taxonomy":"weblex-importer-keyword","embeddable":true,"href":"https:\/\/www.secvergnaud.com\/index.php\/wp-json\/wp\/v2\/weblex-importer-keyword?post=1949"}],"curies":[{"name":"wp","href":"https:\/\/api.w.org\/{rel}","templated":true}]}}