{"id":1934,"date":"2022-03-28T05:48:00","date_gmt":"2022-03-28T03:48:00","guid":{"rendered":"https:\/\/www.secvergnaud.com\/index.php\/les-infos-du-jour\/indemnite-inflation-pour-qui\/"},"modified":"2022-03-28T05:48:00","modified_gmt":"2022-03-28T03:48:00","slug":"indemnite-inflation-pour-qui","status":"publish","type":"weblex-importer-post","link":"https:\/\/www.secvergnaud.com\/index.php\/les-infos-du-jour\/indemnite-inflation-pour-qui\/","title":{"rendered":"Indemnit\u00e9 inflation : pour qui ?"},"content":{"rendered":"<div>\n<h2> Des pr\u00e9cisions relatives \u00e0 certaines cat\u00e9gories de personnes<\/h2>\n<p>Le gouvernement vient de lancer un nouveau portail num\u00e9rique \u00e0 destination des personnes qui remplissent les conditions pour b\u00e9n\u00e9ficier de l\u2019indemnit\u00e9 inflation de 100 \u20ac mais qui, dans les faits, ne l\u2019ont toujours pas per\u00e7ue.<\/p>\n<p>Ainsi, elles peuvent faire leur demande de prime via ce t\u00e9l\u00e9service depuis le 25 mars 2022.<\/p>\n<p>De m\u00eame, ce service est ouvert aux travailleurs ind\u00e9pendants et aux travailleurs non-salari\u00e9s agricoles soumis au r\u00e9gime micro-social simplifi\u00e9 qui, bien que ne remplissant pas la condition tenant au niveau de chiffre d&rsquo;affaires ou de recettes moyen mensuel, r\u00e9unissent toutes les autres conditions pour b\u00e9n\u00e9ficier de cette indemnit\u00e9.<\/p>\n<p>Sauf exceptions, ces demandes seront instruites sur la base des informations d\u00e9clar\u00e9es par le demandeur ou connues de l&rsquo;administration.<\/p>\n<p>Notez que les personnes \u00e9crou\u00e9es et qui ne b\u00e9n\u00e9ficient pas d&rsquo;un am\u00e9nagement de peine ne sont pas \u00e9ligibles \u00e0 ce dispositif.<\/p>\n<p>Enfin, de nouvelles cat\u00e9gories de b\u00e9n\u00e9ficiaires sont ajout\u00e9es \u00e0 celles d\u00e9j\u00e0 existantes. Ainsi, peuvent d\u00e9sormais b\u00e9n\u00e9ficier de cette indemnit\u00e9 de 100 \u20ac les personnes qui :<\/p>\n<ul>\n<li>sont b\u00e9n\u00e9ficiaires au titre du mois d\u2019octobre 2021 de prestations en esp\u00e8ces d&rsquo;assurance maladie, maternit\u00e9, paternit\u00e9, accidents du travail et maladies professionnelles d&rsquo;un r\u00e9gime obligatoire de S\u00e9curit\u00e9 sociale, ou de prestations en esp\u00e8ce servies au titre d&rsquo;une incapacit\u00e9 d&rsquo;un montant inf\u00e9rieur \u00e0 2 000 \u20ac nets par mois (\u00e0 l&rsquo;exclusion de tout autre revenu d&rsquo;activit\u00e9, de remplacement et de certaines prestations et allocations) ;<\/li>\n<li>sont b\u00e9n\u00e9ficiaires au titre du mois d\u2019octobre 2021 de l&rsquo;allocation simple aux personnes \u00e2g\u00e9es ;<\/li>\n<li>effectuent, au cours du mois d&rsquo;octobre 2021, un projet de transition professionnelle et dont la r\u00e9mun\u00e9ration est prise en charge par la commission paritaire interprofessionnelle r\u00e9gionale (sauf celles dont la r\u00e9mun\u00e9ration est d&rsquo;un montant sup\u00e9rieur ou \u00e9gal \u00e0 2 000 \u20ac nets).<\/li>\n<\/ul>\n<p><span style=\"text-decoration: underline\">Source<\/span> : D\u00e9cret n\u00b0 2022-416 du 24 mars 2022 modifiant le d\u00e9cret n\u00b0 2021-1623 du 11 d\u00e9cembre 2021 relatif aux modalit\u00e9s de versement de l&rsquo;aide exceptionnelle pr\u00e9vue \u00e0 l&rsquo;article 13 de la loi n\u00b0 2021-1549 du 1er d\u00e9cembre 2021 de finances rectificative pour 2021<\/p>\n<p><a title=\"Indemnit\u00e9 inflation : \u00e0 qui le tour ?\" href=\"https:\/\/www.weblex.fr\/weblex-actualite\/indemnite-inflation-pour-qui\" rel=\"nofollow noopener\" target=\"_blank\">Indemnit\u00e9 inflation : \u00e0 qui le tour ? <\/a>\u00a9 Copyright WebLex &#8211; 2022<\/p>\n<\/div>\n","protected":false},"excerpt":{"rendered":"<p>Pour faire face \u00e0 la hausse des prix de l\u2019\u00e9nergie et des carburants, le Gouvernement a mis en place une aide financi\u00e8re de 100 \u20ac, dite \u00ab indemnit\u00e9 inflation \u00bb en fin d\u2019ann\u00e9e 2021. Toutefois, constatant des disparit\u00e9s entre certaines cat\u00e9gories de personnes, il vient d\u2019am\u00e9nager la liste des b\u00e9n\u00e9ficiaires de cette aide\u2026<\/p>\n","protected":false},"featured_media":1935,"template":"","weblex-importer-activity":[],"weblex-importer-category":[62,64],"weblex-importer-tag":[61],"weblex-importer-keyword":[],"_links":{"self":[{"href":"https:\/\/www.secvergnaud.com\/index.php\/wp-json\/wp\/v2\/weblex-importer-post\/1934"}],"collection":[{"href":"https:\/\/www.secvergnaud.com\/index.php\/wp-json\/wp\/v2\/weblex-importer-post"}],"about":[{"href":"https:\/\/www.secvergnaud.com\/index.php\/wp-json\/wp\/v2\/types\/weblex-importer-post"}],"wp:featuredmedia":[{"embeddable":true,"href":"https:\/\/www.secvergnaud.com\/index.php\/wp-json\/wp\/v2\/media\/1935"}],"wp:attachment":[{"href":"https:\/\/www.secvergnaud.com\/index.php\/wp-json\/wp\/v2\/media?parent=1934"}],"wp:term":[{"taxonomy":"weblex-importer-activity","embeddable":true,"href":"https:\/\/www.secvergnaud.com\/index.php\/wp-json\/wp\/v2\/weblex-importer-activity?post=1934"},{"taxonomy":"weblex-importer-category","embeddable":true,"href":"https:\/\/www.secvergnaud.com\/index.php\/wp-json\/wp\/v2\/weblex-importer-category?post=1934"},{"taxonomy":"weblex-importer-tag","embeddable":true,"href":"https:\/\/www.secvergnaud.com\/index.php\/wp-json\/wp\/v2\/weblex-importer-tag?post=1934"},{"taxonomy":"weblex-importer-keyword","embeddable":true,"href":"https:\/\/www.secvergnaud.com\/index.php\/wp-json\/wp\/v2\/weblex-importer-keyword?post=1934"}],"curies":[{"name":"wp","href":"https:\/\/api.w.org\/{rel}","templated":true}]}}