{"id":18663,"date":"2023-05-26T00:00:00","date_gmt":"2023-05-25T22:00:00","guid":{"rendered":"https:\/\/www.secvergnaud.com\/index.php\/les-infos-du-jour\/defaut-dinformation-sur-le-droit-de-retractation-du-consommateur-des-consequences-financieres\/"},"modified":"2023-05-26T00:00:00","modified_gmt":"2023-05-25T22:00:00","slug":"defaut-dinformation-sur-le-droit-de-retractation-du-consommateur-des-consequences-financieres","status":"publish","type":"weblex-importer-post","link":"https:\/\/www.secvergnaud.com\/index.php\/les-infos-du-jour\/defaut-dinformation-sur-le-droit-de-retractation-du-consommateur-des-consequences-financieres\/","title":{"rendered":"D\u00e9faut d\u2019information sur le droit de r\u00e9tractation du consommateur : des cons\u00e9quences financi\u00e8res"},"content":{"rendered":"<p>Un consommateur est-il exon\u00e9r\u00e9 de toute obligation de paiement s\u2019il se r\u00e9tracte d\u2019un contrat de prestation de service conclu hors \u00e9tablissement qui a d\u00e9j\u00e0 \u00e9t\u00e9 ex\u00e9cut\u00e9 et pour lequel aucune information sur le droit de r\u00e9tractation ne lui a \u00e9t\u00e9 transmise par le professionnel ? R\u00e9ponse du juge europ\u00e9en\u2026<\/p>\n<h2>Cons\u00e9quences du d\u00e9faut d\u2019information sur le droit de r\u00e9tractation : le point de vue du juge\u2026<\/h2>\n<p>Pour m\u00e9moire, certains aspects des contrats conclus \u00e0 distance et hors \u00e9tablissement ont \u00e9t\u00e9 harmonis\u00e9s \u00e0 l\u2019\u00e9chelle europ\u00e9enne afin de prot\u00e9ger fortement les consommateurs europ\u00e9ens et de pr\u00e9server la comp\u00e9titivit\u00e9 des entreprises.<\/p>\n<p>Dans le cadre de cette harmonisation, on retrouve les r\u00e8gles relatives au droit de r\u00e9tractation et \u00e0 l\u2019obligation, pour le professionnel, de rappeler son existence au consommateur.<\/p>\n<p>Notez qu\u2019\u00e0 d\u00e9faut d\u2019information sur le droit de r\u00e9tractation, celui-ci expire au terme d\u2019une p\u00e9riode de 12 mois qui court \u00e0 compter de la fin du d\u00e9lai de r\u00e9tractation initial.<\/p>\n<p>R\u00e9cemment, le juge europ\u00e9en a \u00e9t\u00e9 interrog\u00e9 \u00e0 ce sujet, dans une configuration particuli\u00e8re : un consommateur conclut un contrat hors \u00e9tablissement avec un professionnel portant sur la r\u00e9novation de l\u2019installation \u00e9lectrique de sa maison.<\/p>\n<p>Il se r\u00e9tracte apr\u00e8s la r\u00e9alisation des travaux par le professionnel, lequel lui demande le paiement de la prestation. Mais, non inform\u00e9 au pr\u00e9alable de l\u2019existence de son droit de r\u00e9tractation, le consommateur consid\u00e8re qu\u2019il ne doit rien.<\/p>\n<p>Dans cette configuration, l\u2019absence totale de paiement d\u2019une prestation permettrait au consommateur de b\u00e9n\u00e9ficier d\u2019un gain non n\u00e9gligeable, \u00e0 savoir des travaux r\u00e9alis\u00e9s \u00ab gratuitement \u00bb.<\/p>\n<p>Une indemnit\u00e9 compensatoire peut-elle toutefois \u00eatre octroy\u00e9e au professionnel ?<\/p>\n<p>Interrog\u00e9, le juge europ\u00e9en r\u00e9pond par la n\u00e9gative : non seulement le consommateur n\u2019a pas \u00e0 payer les prestations fournies en ex\u00e9cution d\u2019un contrat de prestation de service conclu hors \u00e9tablissement, lorsque le professionnel ne l\u2019a pas inform\u00e9 de son droit de r\u00e9tractation et que ce consommateur a exerc\u00e9 ce droit apr\u00e8s l\u2019ex\u00e9cution des travaux, mais il n\u2019a pas non plus \u00e0 payer une quelconque indemnit\u00e9 compensatoire\u2026<\/p>\n<p>Un raisonnement qui permet, selon les juges, d\u2019assurer aux consommateurs un niveau \u00e9lev\u00e9 de protection.<\/p>\n<div>Sources :  <\/p>\n<ul>\n<li><a href=\"https:\/\/eur-lex.europa.eu\/legal-content\/FR\/TXT\/?uri=CELEX:62022CJ0097\" rel=\"noopener\" target=\"_blank\">Arr\u00eat de la Cour de justice de l\u2019Union europ\u00e9enne du 17 mai 2023, affaire C-97\/22<\/a><\/li>\n<\/ul>\n<\/div>\n<p><a href=\"https:\/\/www.weblex.fr\/weblex-actualite\/defaut-d-information-sur-le-droit-de-retractation-du-consommateur-des-consequences-financieres\" target=\"_blank\" rel=\"noopener\">D\u00e9faut d\u2019information sur le droit de r\u00e9tractation du consommateur : des cons\u00e9quences financi\u00e8res<\/a> &#8211; \u00a9 Copyright WebLex<\/p>\n<p><img src=\"https:\/\/www.weblex.fr\/sites\/default\/files\/actualites\/images\/facture.jpg\"><\/p>\n","protected":false},"excerpt":{"rendered":"<p>Un consommateur est-il exon\u00e9r\u00e9 de toute obligation de paiement s\u2019il se r\u00e9tracte d\u2019un contrat de prestation de service conclu hors \u00e9tablissement qui a d\u00e9j\u00e0 \u00e9t\u00e9 ex\u00e9cut\u00e9 et pour lequel aucune information sur le droit de r\u00e9tractation ne lui a \u00e9t\u00e9 transmise par le professionnel ? R\u00e9ponse du juge europ\u00e9en\u2026<\/p>\n","protected":false},"featured_media":18664,"template":"","weblex-importer-activity":[],"weblex-importer-category":[62,63],"weblex-importer-tag":[198],"weblex-importer-keyword":[],"_links":{"self":[{"href":"https:\/\/www.secvergnaud.com\/index.php\/wp-json\/wp\/v2\/weblex-importer-post\/18663"}],"collection":[{"href":"https:\/\/www.secvergnaud.com\/index.php\/wp-json\/wp\/v2\/weblex-importer-post"}],"about":[{"href":"https:\/\/www.secvergnaud.com\/index.php\/wp-json\/wp\/v2\/types\/weblex-importer-post"}],"wp:featuredmedia":[{"embeddable":true,"href":"https:\/\/www.secvergnaud.com\/index.php\/wp-json\/wp\/v2\/media\/18664"}],"wp:attachment":[{"href":"https:\/\/www.secvergnaud.com\/index.php\/wp-json\/wp\/v2\/media?parent=18663"}],"wp:term":[{"taxonomy":"weblex-importer-activity","embeddable":true,"href":"https:\/\/www.secvergnaud.com\/index.php\/wp-json\/wp\/v2\/weblex-importer-activity?post=18663"},{"taxonomy":"weblex-importer-category","embeddable":true,"href":"https:\/\/www.secvergnaud.com\/index.php\/wp-json\/wp\/v2\/weblex-importer-category?post=18663"},{"taxonomy":"weblex-importer-tag","embeddable":true,"href":"https:\/\/www.secvergnaud.com\/index.php\/wp-json\/wp\/v2\/weblex-importer-tag?post=18663"},{"taxonomy":"weblex-importer-keyword","embeddable":true,"href":"https:\/\/www.secvergnaud.com\/index.php\/wp-json\/wp\/v2\/weblex-importer-keyword?post=18663"}],"curies":[{"name":"wp","href":"https:\/\/api.w.org\/{rel}","templated":true}]}}