{"id":18661,"date":"2023-05-26T00:00:00","date_gmt":"2023-05-25T22:00:00","guid":{"rendered":"https:\/\/www.secvergnaud.com\/index.php\/les-infos-du-jour\/financement-du-permis-de-conduire-avec-le-cpf\/"},"modified":"2023-05-26T00:00:00","modified_gmt":"2023-05-25T22:00:00","slug":"financement-du-permis-de-conduire-avec-le-cpf","status":"publish","type":"weblex-importer-post","link":"https:\/\/www.secvergnaud.com\/index.php\/les-infos-du-jour\/financement-du-permis-de-conduire-avec-le-cpf\/","title":{"rendered":"Financement du permis de conduire : avec le CPF ?"},"content":{"rendered":"<p>Un s\u00e9nateur a r\u00e9cemment interrog\u00e9 le Gouvernement sur la possibilit\u00e9 d\u2019\u00e9tendre l\u2019utilisation du compte personnel de formation (CPF) au financement du permis de conduire, qui est un levier d\u2019insertion sociale et professionnelle. Est-ce possible ?<\/p>\n<h2>Peut-on mobiliser le CPF de ses proches pour financer son permis de conduire ?<\/h2>\n<p>Le Gouvernement a r\u00e9cemment \u00e9t\u00e9 interrog\u00e9 sur le financement du permis de conduire : serait-il envisageable d\u2019instaurer la portabilit\u00e9 du compte personnel de formation (CPF) entre les membres d\u2019un foyer pour financer le passage du permis de conduire ?<\/p>\n<p>\u00c0 ce sujet, le Gouvernement r\u00e9pond par la n\u00e9gative. Il rappelle \u00e0 ce titre que :<\/p>\n<ul>\n<li>les droits acquis au titre du CPF sont individuels et ouverts \u00e0 tous les actifs, ce qui rend impossible toute cessibilit\u00e9 des droits issus du CPF au sein de la cellule familiale ;<\/li>\n<li>le don de tels droits pourrait g\u00e9n\u00e9rer des d\u00e9rives, fraudes et in\u00e9galit\u00e9s de traitement ;<\/li>\n<li>l\u2019alimentation du CPF est fonction de l\u2019activit\u00e9 professionnelle, modul\u00e9e selon la situation personnelle de chacun ;<\/li>\n<li>le CPF a pour objet de maintenir l\u2019employabilit\u00e9 des actifs, d\u2019accompagner leur mont\u00e9e en comp\u00e9tence, leur reconversion et de s\u00e9curiser leur parcours professionnel \u2013 la mise en place de ce type de don pourrait nuire aux plus fragiles, ayant le plus besoin de se former.<\/li>\n<\/ul>\n<div>Sources :  <\/p>\n<ul>\n<li><a href=\"https:\/\/www.senat.fr\/questions\/base\/2023\/qSEQ230305769.html\" rel=\"noopener\" target=\"_blank\">R\u00e9ponse minist\u00e9rielle Segouin du 11 mai 2023, S\u00e9nat, no 05769 : \u00ab Financement du permis de conduire \u00bb<\/a><\/li>\n<\/ul>\n<\/div>\n<p><a href=\"https:\/\/www.weblex.fr\/weblex-actualite\/financement-du-permis-de-conduire-avec-le-cpf\" target=\"_blank\" rel=\"noopener\">Financement du permis de conduire : avec le CPF ?<\/a> &#8211; \u00a9 Copyright WebLex<\/p>\n<p><img src=\"https:\/\/www.weblex.fr\/sites\/default\/files\/actualites\/images\/permisconduire.jpg\"><\/p>\n","protected":false},"excerpt":{"rendered":"<p>Un s\u00e9nateur a r\u00e9cemment interrog\u00e9 le Gouvernement sur la possibilit\u00e9 d\u2019\u00e9tendre l\u2019utilisation du compte personnel de formation (CPF) au financement du permis de conduire, qui est un levier d\u2019insertion sociale et professionnelle. Est-ce possible ?<\/p>\n","protected":false},"featured_media":18662,"template":"","weblex-importer-activity":[],"weblex-importer-category":[62,63],"weblex-importer-tag":[198],"weblex-importer-keyword":[],"_links":{"self":[{"href":"https:\/\/www.secvergnaud.com\/index.php\/wp-json\/wp\/v2\/weblex-importer-post\/18661"}],"collection":[{"href":"https:\/\/www.secvergnaud.com\/index.php\/wp-json\/wp\/v2\/weblex-importer-post"}],"about":[{"href":"https:\/\/www.secvergnaud.com\/index.php\/wp-json\/wp\/v2\/types\/weblex-importer-post"}],"wp:featuredmedia":[{"embeddable":true,"href":"https:\/\/www.secvergnaud.com\/index.php\/wp-json\/wp\/v2\/media\/18662"}],"wp:attachment":[{"href":"https:\/\/www.secvergnaud.com\/index.php\/wp-json\/wp\/v2\/media?parent=18661"}],"wp:term":[{"taxonomy":"weblex-importer-activity","embeddable":true,"href":"https:\/\/www.secvergnaud.com\/index.php\/wp-json\/wp\/v2\/weblex-importer-activity?post=18661"},{"taxonomy":"weblex-importer-category","embeddable":true,"href":"https:\/\/www.secvergnaud.com\/index.php\/wp-json\/wp\/v2\/weblex-importer-category?post=18661"},{"taxonomy":"weblex-importer-tag","embeddable":true,"href":"https:\/\/www.secvergnaud.com\/index.php\/wp-json\/wp\/v2\/weblex-importer-tag?post=18661"},{"taxonomy":"weblex-importer-keyword","embeddable":true,"href":"https:\/\/www.secvergnaud.com\/index.php\/wp-json\/wp\/v2\/weblex-importer-keyword?post=18661"}],"curies":[{"name":"wp","href":"https:\/\/api.w.org\/{rel}","templated":true}]}}