{"id":1828,"date":"2022-03-18T05:51:00","date_gmt":"2022-03-18T04:51:00","guid":{"rendered":"https:\/\/www.secvergnaud.com\/index.php\/les-infos-du-jour\/produits-reconditionnes-une-nouvelle-aide-pour-favoriser-le-reemploi\/"},"modified":"2022-03-18T05:51:00","modified_gmt":"2022-03-18T04:51:00","slug":"produits-reconditionnes-une-nouvelle-aide-pour-favoriser-le-reemploi","status":"publish","type":"weblex-importer-post","link":"https:\/\/www.secvergnaud.com\/index.php\/les-infos-du-jour\/produits-reconditionnes-une-nouvelle-aide-pour-favoriser-le-reemploi\/","title":{"rendered":"Produits reconditionn\u00e9s : une nouvelle aide pour favoriser le r\u00e9emploi"},"content":{"rendered":"<div>\n<h2> Produits reconditionn\u00e9s : comment b\u00e9n\u00e9ficier de la nouvelle aide ?<\/h2>\n<p>Le gouvernement souhaite favoriser le r\u00e9emploi et limiter les d\u00e9chets de produits \u00e9lectroniques gr\u00e2ce \u00e0 la cr\u00e9ation d\u2019une nouvelle aide destin\u00e9e aux entreprises justifiant d&rsquo;une activit\u00e9 de reconditionnement de t\u00e9l\u00e9phones mobiles multifonctions (smartphones) ou de tablettes informatiques.<\/p>\n<p>Pour pouvoir en b\u00e9n\u00e9ficier, les entreprises concern\u00e9es doivent :<\/p>\n<ul>\n<li>avoir leur r\u00e9sidence fiscale en France ;<\/li>\n<li>exercer une activit\u00e9 de reconditionnement sur le territoire fran\u00e7ais de smartphones ou de tablettes informatiques ;<\/li>\n<li>avoir d\u00e9but\u00e9 cette activit\u00e9 avant le 1er janvier 2022 ;<\/li>\n<li>\u00eatre \u00e0 jour de leurs obligations \u00e0 l&rsquo;\u00e9gard de l&rsquo;administration fiscale ainsi que de leurs obligations de d\u00e9clarations et de paiement \u00e0 l&rsquo;\u00e9gard des organismes de recouvrement des cotisations et des contributions de S\u00e9curit\u00e9 sociale ;<\/li>\n<li>ne pas \u00eatre en liquidation judiciaire au jour de la demande d&rsquo;aide ;<\/li>\n<li>\u00eatre assujetties aux imp\u00f4ts commerciaux ou employer au moins un salari\u00e9, lorsqu\u2019elles sont constitu\u00e9es sous forme d&rsquo;association ;<\/li>\n<li>avoir r\u00e9alis\u00e9 des ventes de produits reconditionn\u00e9s (smartphones ou tablettes) sur l\u2019ann\u00e9e 2021 ;<\/li>\n<li>respecter les obligations li\u00e9es \u00e0 l&rsquo;activit\u00e9 de reconditionnement et de premi\u00e8re vente apr\u00e8s le reconditionnement de smartphones et de tablettes informatiques.<\/li>\n<\/ul>\n<p>Les professionnels concern\u00e9s pourront recevoir 8 \u20ac par produit mis en vente apr\u00e8s reconditionnement pendant la p\u00e9riode pour laquelle la demande d\u2019aide a \u00e9t\u00e9 faite.<\/p>\n<p>La p\u00e9riode d\u2019activit\u00e9 prise en compte pour l\u2019octroi de cette aide est fix\u00e9e du 1er juillet 2021 au 31 d\u00e9cembre 2022 et les demandes doivent \u00eatre d\u00e9pos\u00e9es avant le 31 mars 2023 via le site : <a href=\"https:\/\/www.entreprises.gouv.fr\/fr\/numerique\/aide-economique-pour-les-reconditionneurs-de-terminaux-numeriques\" target=\"_blank\" rel=\"noopener\">https:\/\/www.entreprises.gouv.fr\/fr\/numerique\/aide-economique-pour-les-reconditionneurs-de-terminaux-numeriques<\/a>.<\/p>\n<p>En outre, notez que vos demandes devront \u00e9galement \u00eatre accompagn\u00e9es de certaines pi\u00e8ces justificatives, dont notamment :<\/p>\n<ul>\n<li>une d\u00e9claration sur l&rsquo;honneur attestant que vous remplissez les conditions d\u2019\u00e9ligibilit\u00e9 ;<\/li>\n<li>votre num\u00e9ro SIRET ;<\/li>\n<li>une d\u00e9claration du nombre de smartphones et de tablettes informatiques reconditionn\u00e9s vendus mensuellement en premi\u00e8re vente apr\u00e8s le reconditionnement depuis le 1er juillet 2021, et une attestation d\u2019un expert-comptable si ce nombre est sup\u00e9rieur \u00e0 5 000 produits vendus ;<\/li>\n<li>s\u2019il est distinct des autres activit\u00e9s de l\u2019entreprise, le chiffre d&rsquo;affaires correspondant aux premi\u00e8res ventes apr\u00e8s le reconditionnement de smartphones et de tablettes informatiques sur la p\u00e9riode du 1er janvier 2021 au 31 d\u00e9cembre 2021 ;<\/li>\n<li>votre chiffre d&rsquo;affaires global sur la p\u00e9riode du 1er janvier 2021 au 31 d\u00e9cembre 2021 ou, le cas \u00e9ch\u00e9ant, sur le dernier exercice fiscal ;<\/li>\n<li>vos coordonn\u00e9es bancaires ;<\/li>\n<li>etc.<\/li>\n<\/ul>\n<p>Enfin, un label devrait prochainement voir le jour pour favoriser le d\u00e9veloppement d\u2019un march\u00e9 du r\u00e9emploi et de l\u2019occasion de qualit\u00e9, et ainsi renforcer la confiance des consommateurs vis-\u00e0-vis des produits reconditionn\u00e9s. Affaire \u00e0 suivre\u2026<\/p>\n<p>Source :<\/p>\n<ul>\n<li>D\u00e9cret n\u00b0 2022-363 du 15 mars 2022 relatif \u00e0 l&rsquo;aide exceptionnelle pour les entreprises justifiant d&rsquo;une activit\u00e9 de reconditionnement en France de t\u00e9l\u00e9phones mobiles multifonction ou de tablettes informatiques<\/li>\n<li>Communique de presse du minist\u00e8re de l\u2019\u00c9conomie et des finances du 14 mars 2022<\/li>\n<\/ul>\n<p><a href=\"https:\/\/www.weblex.fr\/weblex-actualite\/produits-reconditionnes-une-nouvelle-aide-pour-favoriser-le-reemploi\" target=\"_blank\" rel=\"noopener\">Produits reconditionn\u00e9s : une nouvelle aide pour favoriser le r\u00e9emploi<\/a> \u00a9 Copyright WebLex &#8211; 2022<\/p>\n<\/div>\n","protected":false},"excerpt":{"rendered":"<p>Pour encourager l\u2019\u00e9conomie circulaire, les entreprises justifiant d&rsquo;une activit\u00e9 de reconditionnement de smartphones ou de tablettes informatiques en France, pourront b\u00e9n\u00e9ficier d\u2019une nouvelle aide financi\u00e8re. Sous quelles conditions ?<\/p>\n","protected":false},"featured_media":1829,"template":"","weblex-importer-activity":[],"weblex-importer-category":[62,63],"weblex-importer-tag":[61],"weblex-importer-keyword":[],"_links":{"self":[{"href":"https:\/\/www.secvergnaud.com\/index.php\/wp-json\/wp\/v2\/weblex-importer-post\/1828"}],"collection":[{"href":"https:\/\/www.secvergnaud.com\/index.php\/wp-json\/wp\/v2\/weblex-importer-post"}],"about":[{"href":"https:\/\/www.secvergnaud.com\/index.php\/wp-json\/wp\/v2\/types\/weblex-importer-post"}],"wp:featuredmedia":[{"embeddable":true,"href":"https:\/\/www.secvergnaud.com\/index.php\/wp-json\/wp\/v2\/media\/1829"}],"wp:attachment":[{"href":"https:\/\/www.secvergnaud.com\/index.php\/wp-json\/wp\/v2\/media?parent=1828"}],"wp:term":[{"taxonomy":"weblex-importer-activity","embeddable":true,"href":"https:\/\/www.secvergnaud.com\/index.php\/wp-json\/wp\/v2\/weblex-importer-activity?post=1828"},{"taxonomy":"weblex-importer-category","embeddable":true,"href":"https:\/\/www.secvergnaud.com\/index.php\/wp-json\/wp\/v2\/weblex-importer-category?post=1828"},{"taxonomy":"weblex-importer-tag","embeddable":true,"href":"https:\/\/www.secvergnaud.com\/index.php\/wp-json\/wp\/v2\/weblex-importer-tag?post=1828"},{"taxonomy":"weblex-importer-keyword","embeddable":true,"href":"https:\/\/www.secvergnaud.com\/index.php\/wp-json\/wp\/v2\/weblex-importer-keyword?post=1828"}],"curies":[{"name":"wp","href":"https:\/\/api.w.org\/{rel}","templated":true}]}}