{"id":18135,"date":"2023-05-24T00:00:00","date_gmt":"2023-05-23T22:00:00","guid":{"rendered":"https:\/\/www.secvergnaud.com\/index.php\/les-infos-du-jour\/une-prevention-des-risques-adaptee-aux-travailleurs-etrangers\/"},"modified":"2023-05-24T00:00:00","modified_gmt":"2023-05-23T22:00:00","slug":"une-prevention-des-risques-adaptee-aux-travailleurs-etrangers","status":"publish","type":"weblex-importer-post","link":"https:\/\/www.secvergnaud.com\/index.php\/les-infos-du-jour\/une-prevention-des-risques-adaptee-aux-travailleurs-etrangers\/","title":{"rendered":"Une pr\u00e9vention des risques adapt\u00e9e aux travailleurs \u00e9trangers !"},"content":{"rendered":"<p>Afin de lutter contre les accidents du travail, le minist\u00e8re du travail lance une campagne multilingue destin\u00e9e \u00e0 toucher un large public. Voil\u00e0 qui pourrait vous \u00eatre utile !<\/p>\n<h2>Une campagne multilingue pour sensibiliser les travailleurs \u00e9trangers aux accidents du travail<\/h2>\n<p>Pour mener \u00e0 bien son plan pour la pr\u00e9vention des accidents du travail graves et mortels, le minist\u00e8re du travail &nbsp;et ses partenaires mettent \u00e0 disposition des employeurs des affiches \u00e0 destination des travailleurs \u00e9trangers.<\/p>\n<p>Cette campagne est men\u00e9e en 11 langues : allemand, anglais, arabe, bulgare, espagnol, fran\u00e7ais, italien, polonais, portugais, roumain et turc.<\/p>\n<p>Elle est destin\u00e9e \u00e0 pr\u00e9venir les risques li\u00e9s :<\/p>\n<ul>\n<li>aux travaux en hauteur ;<\/li>\n<li>aux produits chimiques ;<\/li>\n<li>aux manutentions manuelles ;<\/li>\n<li>aux mauvaises utilisations d\u2019\u00e9quipements de travail.<\/li>\n<\/ul>\n<div>Sources :  <\/p>\n<ul>\n<li><a href=\"https:\/\/travail-emploi.gouv.fr\/actualites\/l-actualite-du-ministere\/article\/campagne-de-prevention-des-risques-professionnels-multilingue\" rel=\"noopener\" target=\"_blank\">Actualit\u00e9 du minist\u00e8re du travail, du plein emploi et de l\u2019insertion, du 15 mai 2023 : \u00ab Campagne de pr\u00e9vention des risques professionnels multilingue \u00bb&nbsp;<\/a><\/li>\n<\/ul>\n<\/div>\n<p><a href=\"https:\/\/www.weblex.fr\/weblex-actualite\/une-prevention-des-risques-adaptee-aux-travailleurs-etrangers\" target=\"_blank\" rel=\"noopener\">Une pr\u00e9vention des risques adapt\u00e9e aux travailleurs \u00e9trangers !<\/a> &#8211; \u00a9 Copyright WebLex<\/p>\n<p><img src=\"https:\/\/www.weblex.fr\/sites\/default\/files\/actualites\/images\/multilangues.jpg\"><\/p>\n","protected":false},"excerpt":{"rendered":"<p>Afin de lutter contre les accidents du travail, le minist\u00e8re du travail lance une campagne multilingue destin\u00e9e \u00e0 toucher un large public. Voil\u00e0 qui pourrait vous \u00eatre utile !<\/p>\n","protected":false},"featured_media":18136,"template":"","weblex-importer-activity":[],"weblex-importer-category":[62,65],"weblex-importer-tag":[198],"weblex-importer-keyword":[],"_links":{"self":[{"href":"https:\/\/www.secvergnaud.com\/index.php\/wp-json\/wp\/v2\/weblex-importer-post\/18135"}],"collection":[{"href":"https:\/\/www.secvergnaud.com\/index.php\/wp-json\/wp\/v2\/weblex-importer-post"}],"about":[{"href":"https:\/\/www.secvergnaud.com\/index.php\/wp-json\/wp\/v2\/types\/weblex-importer-post"}],"wp:featuredmedia":[{"embeddable":true,"href":"https:\/\/www.secvergnaud.com\/index.php\/wp-json\/wp\/v2\/media\/18136"}],"wp:attachment":[{"href":"https:\/\/www.secvergnaud.com\/index.php\/wp-json\/wp\/v2\/media?parent=18135"}],"wp:term":[{"taxonomy":"weblex-importer-activity","embeddable":true,"href":"https:\/\/www.secvergnaud.com\/index.php\/wp-json\/wp\/v2\/weblex-importer-activity?post=18135"},{"taxonomy":"weblex-importer-category","embeddable":true,"href":"https:\/\/www.secvergnaud.com\/index.php\/wp-json\/wp\/v2\/weblex-importer-category?post=18135"},{"taxonomy":"weblex-importer-tag","embeddable":true,"href":"https:\/\/www.secvergnaud.com\/index.php\/wp-json\/wp\/v2\/weblex-importer-tag?post=18135"},{"taxonomy":"weblex-importer-keyword","embeddable":true,"href":"https:\/\/www.secvergnaud.com\/index.php\/wp-json\/wp\/v2\/weblex-importer-keyword?post=18135"}],"curies":[{"name":"wp","href":"https:\/\/api.w.org\/{rel}","templated":true}]}}