{"id":1713,"date":"2022-03-08T05:55:00","date_gmt":"2022-03-08T04:55:00","guid":{"rendered":"https:\/\/www.secvergnaud.com\/index.php\/les-infos-du-jour\/coronavirus-covid-19-et-handicap-des-aides-perennisees\/"},"modified":"2022-03-08T05:55:00","modified_gmt":"2022-03-08T04:55:00","slug":"coronavirus-covid-19-et-handicap-des-aides-perennisees","status":"publish","type":"weblex-importer-post","link":"https:\/\/www.secvergnaud.com\/index.php\/les-infos-du-jour\/coronavirus-covid-19-et-handicap-des-aides-perennisees\/","title":{"rendered":"Coronavirus (COVID-19) et handicap : des aides p\u00e9rennis\u00e9es"},"content":{"rendered":"<div>\n<h2> Un r\u00e9capitulatif des aides \u00ab Covid-19 \u00bb p\u00e9rennis\u00e9es<\/h2>\n<p>Dans son support relatif \u00e0 l\u2019offre de services et d\u2019aides financi\u00e8res, l\u2019Agefiph (l\u2019association de gestion du fonds pour l\u2019insertion des personnes handicap\u00e9es) r\u00e9capitule toutes les aides professionnelles en mati\u00e8re de handicap.<\/p>\n<p>A cette occasion, elle est venue p\u00e9renniser, depuis le 1er mars 2022, certaines aides mises en place dans le cadre de la crise sanitaire comme :<\/p>\n<ul>\n<li>le montant major\u00e9 de l\u2019aide forfaitaire \u00e0 la cr\u00e9ation d\u2019entreprise par des personnes handicap\u00e9es ;<\/li>\n<li>l\u2019aide relative \u00e0 la prise en charge des surco\u00fbts pour les d\u00e9placements en lien avec le handicap compte tenu de certains besoins de la personne en situation de handicap ;<\/li>\n<li>etc.<\/li>\n<\/ul>\n<p>Vous pouvez retrouver la liste de ces aides <a href=\"https:\/\/www.agefiph.fr\/sites\/default\/files\/medias\/fichiers\/2022-02\/Metodia%20Mars%202022.pdf\" target=\"_blank\" rel=\"noopener\">ici<\/a>.<\/p>\n<p><span style=\"text-decoration: underline\">Source<\/span> : Support relatif \u00e0 l\u2019offre de services et d\u2019aides financi\u00e8res de l\u2019Agefiph, de mars 2022<\/p>\n<p><a title=\"Coronavirus (COVID-19) et handicap : des aides p\u00e9rennis\u00e9es\" href=\"https:\/\/www.weblex.fr\/weblex-actualite\/coronavirus-covid-19-et-handicap-des-aides-perennisees\" rel=\"nofollow noopener\" target=\"_blank\">Coronavirus (COVID-19) et handicap : des aides p\u00e9rennis\u00e9es<\/a> \u00a9 Copyright WebLex &#8211; 2022<\/p>\n<\/div>\n","protected":false},"excerpt":{"rendered":"<p>Afin de favoriser le travail des personnes en situation de handicap, l\u2019Agefiph est venue p\u00e9renniser certaines mesures mises en place pendant la crise sanitaire. Lesquelles ?<\/p>\n","protected":false},"featured_media":1714,"template":"","weblex-importer-activity":[],"weblex-importer-category":[62,65],"weblex-importer-tag":[61],"weblex-importer-keyword":[],"_links":{"self":[{"href":"https:\/\/www.secvergnaud.com\/index.php\/wp-json\/wp\/v2\/weblex-importer-post\/1713"}],"collection":[{"href":"https:\/\/www.secvergnaud.com\/index.php\/wp-json\/wp\/v2\/weblex-importer-post"}],"about":[{"href":"https:\/\/www.secvergnaud.com\/index.php\/wp-json\/wp\/v2\/types\/weblex-importer-post"}],"wp:featuredmedia":[{"embeddable":true,"href":"https:\/\/www.secvergnaud.com\/index.php\/wp-json\/wp\/v2\/media\/1714"}],"wp:attachment":[{"href":"https:\/\/www.secvergnaud.com\/index.php\/wp-json\/wp\/v2\/media?parent=1713"}],"wp:term":[{"taxonomy":"weblex-importer-activity","embeddable":true,"href":"https:\/\/www.secvergnaud.com\/index.php\/wp-json\/wp\/v2\/weblex-importer-activity?post=1713"},{"taxonomy":"weblex-importer-category","embeddable":true,"href":"https:\/\/www.secvergnaud.com\/index.php\/wp-json\/wp\/v2\/weblex-importer-category?post=1713"},{"taxonomy":"weblex-importer-tag","embeddable":true,"href":"https:\/\/www.secvergnaud.com\/index.php\/wp-json\/wp\/v2\/weblex-importer-tag?post=1713"},{"taxonomy":"weblex-importer-keyword","embeddable":true,"href":"https:\/\/www.secvergnaud.com\/index.php\/wp-json\/wp\/v2\/weblex-importer-keyword?post=1713"}],"curies":[{"name":"wp","href":"https:\/\/api.w.org\/{rel}","templated":true}]}}