{"id":1639,"date":"2021-11-15T05:52:00","date_gmt":"2021-11-15T04:52:00","guid":{"rendered":"https:\/\/www.secvergnaud.com\/index.php\/les-infos-du-jour\/une-revalorisation-des-petites-retraites-agricoles\/"},"modified":"2021-11-15T05:52:00","modified_gmt":"2021-11-15T04:52:00","slug":"une-revalorisation-des-petites-retraites-agricoles","status":"publish","type":"weblex-importer-post","link":"https:\/\/www.secvergnaud.com\/index.php\/les-infos-du-jour\/une-revalorisation-des-petites-retraites-agricoles\/","title":{"rendered":"Une revalorisation des petites retraites agricoles"},"content":{"rendered":"<div>\n<h2> Une revalorisation pour les futurs retrait\u00e9s\u2026 et pour les retrait\u00e9s actuels<\/h2>\n<p>Les futurs retrait\u00e9s et les actuels retrait\u00e9s agricoles verront leur pension de retraite revaloris\u00e9e sur le versement de d\u00e9cembre 2021.<\/p>\n<p>Cette revalorisation, \u00e0 hauteur de 85 % du Smic net agricole (contre 75 % auparavant), ne concernera que les petites retraites.<\/p>\n<p>Pour pouvoir en b\u00e9n\u00e9ficier, le retrait\u00e9 doit :<\/p>\n<ul>\n<li>avoir eu la qualit\u00e9 de chef d\u2019exploitation ou d\u2019entreprise agricole, ayant mis en valeur \u00e0 titre exclusif ou principal, une exploitation ;<\/li>\n<li>justifier du droit \u00e0 une pension \u00e0 taux plein ou de 32,5 ans d&rsquo;assurance (r\u00e9gime d\u2019assurance vieillesse de base) pour les retrait\u00e9s partis avant 1er janvier 1997 ;<\/li>\n<li>justifier du droit \u00e0 une pension \u00e0 taux plein pour les retrait\u00e9s partis apr\u00e8s le 1er janvier 1997.<\/li>\n<\/ul>\n<p>Notez que pour en b\u00e9n\u00e9ficier, il faut que toutes les retraites aient \u00e9t\u00e9 liquid\u00e9es (retraite de base, compl\u00e9mentaire, \u00e9trang\u00e8re, etc.). A d\u00e9faut, il sera imp\u00e9ratif de demander la liquidation des retraites restantes.<\/p>\n<p>Source : D\u00e9cret n\u00b0 2021-769 du 16 juin 2021 portant revalorisation du compl\u00e9ment diff\u00e9rentiel de points de retraite compl\u00e9mentaire obligatoire des exploitants agricoles<\/p>\n<p><a href=\"https:\/\/www.weblex.fr\/weblex-actualite\/une-revalorisation-des-petites-retraites-agricoles\" target=\"_blank\" rel=\"noopener\">Une revalorisation des petites retraites agricoles<\/a> \u00a9 Copyright WebLex &#8211; 2021<\/p>\n<\/div>\n","protected":false},"excerpt":{"rendered":"<p>Pour lutter contre la pr\u00e9carisation des retrait\u00e9s agricoles, une revalorisation de leur pension est pr\u00e9vue. Qui peut en b\u00e9n\u00e9ficier ? Sous quelles conditions ?<\/p>\n","protected":false},"featured_media":1640,"template":"","weblex-importer-activity":[],"weblex-importer-category":[62,65],"weblex-importer-tag":[61],"weblex-importer-keyword":[],"_links":{"self":[{"href":"https:\/\/www.secvergnaud.com\/index.php\/wp-json\/wp\/v2\/weblex-importer-post\/1639"}],"collection":[{"href":"https:\/\/www.secvergnaud.com\/index.php\/wp-json\/wp\/v2\/weblex-importer-post"}],"about":[{"href":"https:\/\/www.secvergnaud.com\/index.php\/wp-json\/wp\/v2\/types\/weblex-importer-post"}],"wp:featuredmedia":[{"embeddable":true,"href":"https:\/\/www.secvergnaud.com\/index.php\/wp-json\/wp\/v2\/media\/1640"}],"wp:attachment":[{"href":"https:\/\/www.secvergnaud.com\/index.php\/wp-json\/wp\/v2\/media?parent=1639"}],"wp:term":[{"taxonomy":"weblex-importer-activity","embeddable":true,"href":"https:\/\/www.secvergnaud.com\/index.php\/wp-json\/wp\/v2\/weblex-importer-activity?post=1639"},{"taxonomy":"weblex-importer-category","embeddable":true,"href":"https:\/\/www.secvergnaud.com\/index.php\/wp-json\/wp\/v2\/weblex-importer-category?post=1639"},{"taxonomy":"weblex-importer-tag","embeddable":true,"href":"https:\/\/www.secvergnaud.com\/index.php\/wp-json\/wp\/v2\/weblex-importer-tag?post=1639"},{"taxonomy":"weblex-importer-keyword","embeddable":true,"href":"https:\/\/www.secvergnaud.com\/index.php\/wp-json\/wp\/v2\/weblex-importer-keyword?post=1639"}],"curies":[{"name":"wp","href":"https:\/\/api.w.org\/{rel}","templated":true}]}}