{"id":1623,"date":"2021-11-16T05:50:00","date_gmt":"2021-11-16T04:50:00","guid":{"rendered":"https:\/\/www.secvergnaud.com\/index.php\/les-infos-du-jour\/salaries-inaptes-vers-un-meilleur-retour-a-lemploi\/"},"modified":"2021-11-16T05:50:00","modified_gmt":"2021-11-16T04:50:00","slug":"salaries-inaptes-vers-un-meilleur-retour-a-lemploi","status":"publish","type":"weblex-importer-post","link":"https:\/\/www.secvergnaud.com\/index.php\/les-infos-du-jour\/salaries-inaptes-vers-un-meilleur-retour-a-lemploi\/","title":{"rendered":"Salari\u00e9s inaptes : vers un meilleur retour \u00e0 l\u2019emploi ?"},"content":{"rendered":"<div>\n<h2>De nouvelles mesures pour favoriser la r\u00e9\u00e9ducation professionnelle<\/h2>\n<p>Actuellement, les salari\u00e9s handicap\u00e9s en d\u00e9sinsertion professionnelle qui le souhaitent peuvent b\u00e9n\u00e9ficier d\u2019une r\u00e9adaptation, d\u2019une r\u00e9\u00e9ducation ou d\u2019une formation professionnelle.<\/p>\n<p>A compter du 31 mars 2022, tout salari\u00e9 handicap\u00e9 ou non, d\u00e9clar\u00e9 inapte ou pr\u00e9sentant un risque d\u2019inaptitude (identifi\u00e9 par le m\u00e9decin du travail), pourra b\u00e9n\u00e9ficier d\u2019une convention de r\u00e9\u00e9ducation professionnelle.<\/p>\n<p>Cette convention sera conclue entre l\u2019employeur, le salari\u00e9 et la caisse primaire d\u2019assurance maladie (CPAM).<\/p>\n<p>Elle aura pour objectif de fixer :<\/p>\n<ul>\n<li>les modalit\u00e9s de la r\u00e9\u00e9ducation professionnelle ;<\/li>\n<li>le montant et les conditions de versement des indemnit\u00e9s journali\u00e8res au salari\u00e9.<\/li>\n<\/ul>\n<p>Un avenant au contrat de travail, sans modification de r\u00e9mun\u00e9ration, devra \u00eatre sign\u00e9 par le salari\u00e9, si la r\u00e9\u00e9ducation professionnelle est assur\u00e9e par l\u2019employeur. En revanche, si elle n\u2019est pas assur\u00e9e par l\u2019employeur, il sera fait application de la proc\u00e9dure pr\u00e9vue en mati\u00e8re de mise \u00e0 disposition \u00e0 but non lucratif.<\/p>\n<p>Notez qu\u2019en cas de d\u00e9mission pour \u00eatre embauch\u00e9 par une autre entreprise, le salari\u00e9 pourra continuer \u00e0 percevoir ses indemnit\u00e9s journali\u00e8res \u00e0 l\u2019issue de la r\u00e9\u00e9ducation professionnelle.<\/p>\n<p>Source : Loi n\u00b0 2021-1018 du 2 ao\u00fbt 2021 pour renforcer la pr\u00e9vention en sant\u00e9 au travail<\/p>\n<p><a href=\"https:\/\/www.weblex.fr\/weblex-actualite\/salaries-inaptes-vers-un-meilleur-retour-a-lemploi\" target=\"_blank\" rel=\"noopener\">Salari\u00e9s inaptes : vers un meilleur retour \u00e0 l\u2019emploi ?<\/a> \u00a9 Copyright WebLex &#8211; 2021<\/p>\n<\/div>\n","protected":false},"excerpt":{"rendered":"<p>Afin de rendre la pr\u00e9vention de la sant\u00e9 au travail plus efficiente, le gouvernement a pris de nombreuses mesures, notamment en ce qui concerne le retour \u00e0 l\u2019emploi des salari\u00e9s inaptes. Revue de d\u00e9tails\u2026<\/p>\n","protected":false},"featured_media":1624,"template":"","weblex-importer-activity":[],"weblex-importer-category":[62,65],"weblex-importer-tag":[61],"weblex-importer-keyword":[],"_links":{"self":[{"href":"https:\/\/www.secvergnaud.com\/index.php\/wp-json\/wp\/v2\/weblex-importer-post\/1623"}],"collection":[{"href":"https:\/\/www.secvergnaud.com\/index.php\/wp-json\/wp\/v2\/weblex-importer-post"}],"about":[{"href":"https:\/\/www.secvergnaud.com\/index.php\/wp-json\/wp\/v2\/types\/weblex-importer-post"}],"wp:featuredmedia":[{"embeddable":true,"href":"https:\/\/www.secvergnaud.com\/index.php\/wp-json\/wp\/v2\/media\/1624"}],"wp:attachment":[{"href":"https:\/\/www.secvergnaud.com\/index.php\/wp-json\/wp\/v2\/media?parent=1623"}],"wp:term":[{"taxonomy":"weblex-importer-activity","embeddable":true,"href":"https:\/\/www.secvergnaud.com\/index.php\/wp-json\/wp\/v2\/weblex-importer-activity?post=1623"},{"taxonomy":"weblex-importer-category","embeddable":true,"href":"https:\/\/www.secvergnaud.com\/index.php\/wp-json\/wp\/v2\/weblex-importer-category?post=1623"},{"taxonomy":"weblex-importer-tag","embeddable":true,"href":"https:\/\/www.secvergnaud.com\/index.php\/wp-json\/wp\/v2\/weblex-importer-tag?post=1623"},{"taxonomy":"weblex-importer-keyword","embeddable":true,"href":"https:\/\/www.secvergnaud.com\/index.php\/wp-json\/wp\/v2\/weblex-importer-keyword?post=1623"}],"curies":[{"name":"wp","href":"https:\/\/api.w.org\/{rel}","templated":true}]}}