{"id":15828,"date":"2023-04-06T00:00:00","date_gmt":"2023-04-05T22:00:00","guid":{"rendered":"https:\/\/www.secvergnaud.com\/index.php\/les-infos-du-jour\/regulation-des-trottinettes-electriques-le-gouvernement-devoile-son-plan-2\/"},"modified":"2023-04-06T00:00:00","modified_gmt":"2023-04-05T22:00:00","slug":"regulation-des-trottinettes-electriques-le-gouvernement-devoile-son-plan-2","status":"publish","type":"weblex-importer-post","link":"https:\/\/www.secvergnaud.com\/index.php\/les-infos-du-jour\/regulation-des-trottinettes-electriques-le-gouvernement-devoile-son-plan-2\/","title":{"rendered":"R\u00e9gulation des trottinettes \u00e9lectriques : le Gouvernement d\u00e9voile son plan"},"content":{"rendered":"<p>Face \u00e0 la hausse des utilisateurs de trottinettes \u00e9lectriques en France \u2013 2,5 millions \u2013 le Gouvernement a pr\u00e9sent\u00e9 un plan de r\u00e9gulation. Selon lui, il est indispensable d&rsquo;agir au regard des incivilit\u00e9s et accidents qu&rsquo;elles g\u00e9n\u00e8rent. Que contient ce plan ?<\/p>\n<h2>Plan national de r\u00e9gulation des trottinettes \u00e9lectriques : 3 objectifs<\/h2>\n<p>Le plan national de r\u00e9gulation des trottinettes \u00e9lectriques pr\u00e9sent\u00e9 par le Gouvernement a pour but de renforcer le cadre national et d&rsquo;am\u00e9liorer la r\u00e9gulation au niveau local.<\/p>\n<p>Ce plan d&rsquo;action poursuit 3 objectifs :<\/p>\n<ol>\n<li>prot\u00e9ger, dissuader et \u00e9viter les comportements dangereux :\n<ul>\n<li>en passant l&rsquo;\u00e2ge minimum d&rsquo;utilisation de 12 ans \u00e0 14 ans ;<\/li>\n<li>en faisant passer de 35 \u20ac \u00e0 135 \u20ac les amendes en cas de circulation \u00e0 deux sur une trottinette ;<\/li>\n<li>en \u00e9quipant les engins de clignotants pour renforcer la visibilit\u00e9 sur la voie publique ;<\/li>\n<\/ul>\n<\/li>\n<li>sensibiliser et \u00e9valuer les usages :\n<ul>\n<li>avec la cr\u00e9ation d&rsquo;un Observatoire national de la micromobilit\u00e9 qui \u00e9tudiera l&rsquo;usage des trottinettes \u00e9lectriques en France, leur accidentologie et leur effet sur l&rsquo;environnement ;<\/li>\n<li>en lan\u00e7ant des campagnes de sensibilisation, de formation et de communication, notamment dans les points de vente (physiques comme num\u00e9riques) ;<\/li>\n<\/ul>\n<\/li>\n<li>responsabiliser les acteurs et offrir des services de trottinettes en libre-service de qualit\u00e9, durables et s\u00fbrs dans les villes, avec la signature de la charte d&rsquo;engagements par les op\u00e9rateurs de trottinettes en libre-service op\u00e9rant en France, cette charte pr\u00e9voyant notamment les engagements des op\u00e9rateurs&nbsp;&nbsp;:\n<ul>\n<li>encourager les comportements responsables et le respect du Code de la route par leurs usagers ;<\/li>\n<li>garantir les conditions de s\u00e9curit\u00e9 d&rsquo;usage de leurs v\u00e9hicules (bridage automatique de la vitesse, \u00e9quipement appropri\u00e9 des trottinettes) ;<\/li>\n<li>garantir le stationnement ordonn\u00e9 de leurs v\u00e9hicules ;<\/li>\n<li>proposer un service respectueux de l&rsquo;environnement (recyclage des v\u00e9hicules et batteries dans les fili\u00e8res adapt\u00e9es en France, par exemple) ;<\/li>\n<li>collaborer avec les collectivit\u00e9s pour faciliter le pilotage des services (en r\u00e9alisant notamment des enqu\u00eates r\u00e9guli\u00e8res pour informer les collectivit\u00e9s de l&rsquo;usage des services sur leur territoire).<\/li>\n<\/ul>\n<\/li>\n<\/ol>\n<div>Sources :  <\/p>\n<ul>\n<li><a href=\"https:\/\/www.ecologie.gouv.fr\/plan-national-mieux-reguler-trottinettes-electriques\" rel=\"noopener\" target=\"_blank\">Plan national pour mieux r\u00e9guler les trottinettes \u00e9lectriques du minist\u00e8re charg\u00e9 des Transports du 29 mars 2023<\/a><\/li>\n<\/ul>\n<\/div>\n<p><a href=\"https:\/\/www.weblex.fr\/weblex-actualite\/regulation-des-trottinettes-electriques-le-gouvernement-devoile-son-plan\" target=\"_blank\" rel=\"noopener\">R\u00e9gulation des trottinettes \u00e9lectriques : le Gouvernement d\u00e9voile son plan<\/a> &#8211; \u00a9 Copyright WebLex<\/p>\n<p><img src=\"https:\/\/www.weblex.fr\/sites\/default\/files\/actualites\/images\/trottinette.jpg\"><\/p>\n","protected":false},"excerpt":{"rendered":"<p>Face \u00e0 la hausse des utilisateurs de trottinettes \u00e9lectriques en France \u2013 2,5 millions \u2013 le Gouvernement a pr\u00e9sent\u00e9 un plan de r\u00e9gulation. Selon lui, il est indispensable d&rsquo;agir au regard des incivilit\u00e9s et accidents qu&rsquo;elles g\u00e9n\u00e8rent. Que contient ce plan ?<\/p>\n","protected":false},"featured_media":15829,"template":"","weblex-importer-activity":[],"weblex-importer-category":[62,63],"weblex-importer-tag":[198],"weblex-importer-keyword":[],"_links":{"self":[{"href":"https:\/\/www.secvergnaud.com\/index.php\/wp-json\/wp\/v2\/weblex-importer-post\/15828"}],"collection":[{"href":"https:\/\/www.secvergnaud.com\/index.php\/wp-json\/wp\/v2\/weblex-importer-post"}],"about":[{"href":"https:\/\/www.secvergnaud.com\/index.php\/wp-json\/wp\/v2\/types\/weblex-importer-post"}],"wp:featuredmedia":[{"embeddable":true,"href":"https:\/\/www.secvergnaud.com\/index.php\/wp-json\/wp\/v2\/media\/15829"}],"wp:attachment":[{"href":"https:\/\/www.secvergnaud.com\/index.php\/wp-json\/wp\/v2\/media?parent=15828"}],"wp:term":[{"taxonomy":"weblex-importer-activity","embeddable":true,"href":"https:\/\/www.secvergnaud.com\/index.php\/wp-json\/wp\/v2\/weblex-importer-activity?post=15828"},{"taxonomy":"weblex-importer-category","embeddable":true,"href":"https:\/\/www.secvergnaud.com\/index.php\/wp-json\/wp\/v2\/weblex-importer-category?post=15828"},{"taxonomy":"weblex-importer-tag","embeddable":true,"href":"https:\/\/www.secvergnaud.com\/index.php\/wp-json\/wp\/v2\/weblex-importer-tag?post=15828"},{"taxonomy":"weblex-importer-keyword","embeddable":true,"href":"https:\/\/www.secvergnaud.com\/index.php\/wp-json\/wp\/v2\/weblex-importer-keyword?post=15828"}],"curies":[{"name":"wp","href":"https:\/\/api.w.org\/{rel}","templated":true}]}}