{"id":15790,"date":"2023-04-28T00:00:00","date_gmt":"2023-04-27T22:00:00","guid":{"rendered":"https:\/\/www.secvergnaud.com\/index.php\/les-infos-du-jour\/cest-lhistoire-dun-employeur-qui-reclame-son-indu\/"},"modified":"2023-04-28T00:00:00","modified_gmt":"2023-04-27T22:00:00","slug":"cest-lhistoire-dun-employeur-qui-reclame-son-indu","status":"publish","type":"weblex-importer-post","link":"https:\/\/www.secvergnaud.com\/index.php\/les-infos-du-jour\/cest-lhistoire-dun-employeur-qui-reclame-son-indu\/","title":{"rendered":"C\u2019est l\u2019histoire d\u2019un employeur qui r\u00e9clame son (in)d\u00fb\u2026"},"content":{"rendered":"<p class=\"title\">C\u2019est l\u2019histoire d\u2019un employeur qui r\u00e9clame son (in)d\u00fb\u2026<\/p>\n<div>\n<p>Une salari\u00e9e signe une clause de d\u00e9dit-formation qui pr\u00e9voit qu\u2019en cas de rupture du contrat \u00e0 son initiative ou non imputable \u00e0 l\u2019employeur, elle devra rembourser les frais de formation pris en charge par l\u2019entreprise. L\u2019ann\u00e9e suivant son embauche, elle sollicite une rupture conventionnelle\u2026<\/p>\n<p>\u2026 accept\u00e9e par l\u2019employeur, qui r\u00e9clame n\u00e9anmoins le paiement de l\u2019indemnit\u00e9 de d\u00e9dit-formation\u2026 que la salari\u00e9e refuse de payer : cette indemnit\u00e9 n\u2019est due qu\u2019\u00ab en cas de rupture du contrat \u00e0 son initiative ou non imputable \u00e0 l\u2019employeur \u00bb. Or ici, parce que le contrat est rompu d\u2019un commun accord, entre elle et l\u2019employeur, la clause ne s\u2019applique pas, selon elle. Sauf qu\u2019en sollicitant la rupture conventionnelle, elle est bien \u00e0 l\u2019initiative de la rupture du contrat, rappelle l\u2019employeur\u2026<\/p>\n<p>Peu importe, pour le juge : la rupture conventionnelle ne peut s\u2019analyser ni en une rupture \u00e0 l\u2019initiative de la salari\u00e9e, ni en une rupture non imputable \u00e0 l\u2019employeur\u2026 la salari\u00e9e n\u2019a donc pas \u00e0 l\u2019indemniser !<\/p>\n<\/p><\/div>\n<div>Source : <\/p>\n<ul>\n<li><a href=\"https:\/\/www.legifrance.gouv.fr\/juri\/id\/JURITEXT000047324573?init=true&amp;page=1&amp;query=21-23814&amp;searchField=ALL&amp;tab_selection=all\" rel=\"noopener\" target=\"_blank\">Arr\u00eat de la Cour de cassation, chambre sociale, du 15 mars 2023, n\u00b0 21-23814<\/a><\/li>\n<\/ul>\n<\/div>\n<p><a href=\"https:\/\/www.weblex.fr\/la-petite-histoire-du-jour\/c-est-l-histoire-d-un-employeur-qui-reclame-son-indu\" target=\"_blank\" rel=\"noopener\">La petite histoire du jour<\/a> &#8211; \u00a9 Copyright WebLex<\/p>\n<p><img src=\"https:\/\/www.weblex.fr\/sites\/default\/files\/petites_histoires\/images\/deditformation.jpg\"><\/p>\n","protected":false},"excerpt":{"rendered":"<p>C\u2019est l\u2019histoire d\u2019un employeur qui r\u00e9clame son (in)d\u00fb\u2026 Une salari\u00e9e signe une clause de d\u00e9dit-formation qui pr\u00e9voit qu\u2019en cas de rupture du contrat \u00e0 son initiative ou non imputable \u00e0 l\u2019employeur, elle devra rembourser les frais de formation pris en charge par l\u2019entreprise. L\u2019ann\u00e9e suivant son embauche, elle sollicite une rupture conventionnelle\u2026 \u2026 accept\u00e9e par [&hellip;]<\/p>\n","protected":false},"featured_media":15791,"template":"","weblex-importer-activity":[],"weblex-importer-category":[47],"weblex-importer-tag":[284],"weblex-importer-keyword":[],"_links":{"self":[{"href":"https:\/\/www.secvergnaud.com\/index.php\/wp-json\/wp\/v2\/weblex-importer-post\/15790"}],"collection":[{"href":"https:\/\/www.secvergnaud.com\/index.php\/wp-json\/wp\/v2\/weblex-importer-post"}],"about":[{"href":"https:\/\/www.secvergnaud.com\/index.php\/wp-json\/wp\/v2\/types\/weblex-importer-post"}],"wp:featuredmedia":[{"embeddable":true,"href":"https:\/\/www.secvergnaud.com\/index.php\/wp-json\/wp\/v2\/media\/15791"}],"wp:attachment":[{"href":"https:\/\/www.secvergnaud.com\/index.php\/wp-json\/wp\/v2\/media?parent=15790"}],"wp:term":[{"taxonomy":"weblex-importer-activity","embeddable":true,"href":"https:\/\/www.secvergnaud.com\/index.php\/wp-json\/wp\/v2\/weblex-importer-activity?post=15790"},{"taxonomy":"weblex-importer-category","embeddable":true,"href":"https:\/\/www.secvergnaud.com\/index.php\/wp-json\/wp\/v2\/weblex-importer-category?post=15790"},{"taxonomy":"weblex-importer-tag","embeddable":true,"href":"https:\/\/www.secvergnaud.com\/index.php\/wp-json\/wp\/v2\/weblex-importer-tag?post=15790"},{"taxonomy":"weblex-importer-keyword","embeddable":true,"href":"https:\/\/www.secvergnaud.com\/index.php\/wp-json\/wp\/v2\/weblex-importer-keyword?post=15790"}],"curies":[{"name":"wp","href":"https:\/\/api.w.org\/{rel}","templated":true}]}}