{"id":15672,"date":"2023-04-21T00:00:00","date_gmt":"2023-04-20T22:00:00","guid":{"rendered":"https:\/\/www.secvergnaud.com\/index.php\/les-infos-du-jour\/cest-lhistoire-dun-locataire-qui-reproche-a-son-bailleur-de-louer-un-logement-in-decent\/"},"modified":"2023-04-21T00:00:00","modified_gmt":"2023-04-20T22:00:00","slug":"cest-lhistoire-dun-locataire-qui-reproche-a-son-bailleur-de-louer-un-logement-in-decent","status":"publish","type":"weblex-importer-post","link":"https:\/\/www.secvergnaud.com\/index.php\/les-infos-du-jour\/cest-lhistoire-dun-locataire-qui-reproche-a-son-bailleur-de-louer-un-logement-in-decent\/","title":{"rendered":"C\u2019est l\u2019histoire d\u2019un locataire qui reproche \u00e0 son bailleur de louer un logement (in ?)d\u00e9cent\u2026"},"content":{"rendered":"<p class=\"title\">C\u2019est l\u2019histoire d\u2019un locataire qui reproche \u00e0 son bailleur de louer un logement (in ?)d\u00e9cent\u2026<\/p>\n<div>\n<p>Une locataire, qui a chut\u00e9 depuis une fen\u00eatre de son appartement, estime que son bailleur est responsable de cette chute et lui r\u00e9clame des indemnit\u00e9s. La raison ? La fen\u00eatre n\u2019est pas \u00e9quip\u00e9e d\u2019un garde-corps. Ce qui est normal, pour un immeuble ancien, rappelle le bailleur\u2026<\/p>\n<p>\u00ab C\u2019est anormal ! \u00bb, r\u00e9plique la locataire : selon elle, la r\u00e9glementation sur les logements d\u00e9cents impose justement aux bailleurs d\u2019installer des garde-corps sur les immeubles anciens qui n\u2019en sont pas \u00e9quip\u00e9s. Or, le bailleur n\u2019a jamais effectu\u00e9 les travaux ad\u00e9quats, ce qui constitue donc une faute, indemnisable selon elle. \u00ab Non ! \u00bb, r\u00e9pond le bailleur : pour lui, la r\u00e9glementation impose seulement d\u2019entretenir les garde-corps existants dans un \u00e9tat conforme \u00e0 leur usage, et non d\u2019en installer\u2026<\/p>\n<p>\u00ab Exact ! \u00bb, confirme le juge : le bailleur n\u2019est effectivement pas tenu d\u2019installer un garde-corps. Il n\u2019a donc pas manqu\u00e9 \u00e0 son obligation de d\u00e9livrance d\u2019un logement \u00ab d\u00e9cent \u00bb\u2026 et n\u2019a pas \u00e0 indemniser sa locataire !<\/p>\n<\/p><\/div>\n<div>Source : <\/p>\n<ul>\n<li><a href=\"https:\/\/www.legifrance.gouv.fr\/juri\/id\/JURITEXT000045967836?init=true&amp;page=1&amp;query=21-10512&amp;searchField=ALL&amp;tab_selection=all\" rel=\"noopener\" target=\"_blank\">Arr\u00eat de la Cour de cassation, 3e chambre civile, du 22 juin 2022, no 21-10512<\/a><\/li>\n<\/ul>\n<\/div>\n<p><a href=\"https:\/\/www.weblex.fr\/la-petite-histoire-du-jour\/c-est-l-histoire-d-un-locataire-qui-reproche-a-son-bailleur-de-louer-un-logement-decent\" target=\"_blank\" rel=\"noopener\">La petite histoire du jour<\/a> &#8211; \u00a9 Copyright WebLex<\/p>\n<p><img src=\"https:\/\/www.weblex.fr\/sites\/default\/files\/petites_histoires\/images\/gardecorps.jpg\"><\/p>\n","protected":false},"excerpt":{"rendered":"<p>C\u2019est l\u2019histoire d\u2019un locataire qui reproche \u00e0 son bailleur de louer un logement (in ?)d\u00e9cent\u2026 Une locataire, qui a chut\u00e9 depuis une fen\u00eatre de son appartement, estime que son bailleur est responsable de cette chute et lui r\u00e9clame des indemnit\u00e9s. La raison ? La fen\u00eatre n\u2019est pas \u00e9quip\u00e9e d\u2019un garde-corps. Ce qui est normal, pour [&hellip;]<\/p>\n","protected":false},"featured_media":15673,"template":"","weblex-importer-activity":[],"weblex-importer-category":[47],"weblex-importer-tag":[284],"weblex-importer-keyword":[],"_links":{"self":[{"href":"https:\/\/www.secvergnaud.com\/index.php\/wp-json\/wp\/v2\/weblex-importer-post\/15672"}],"collection":[{"href":"https:\/\/www.secvergnaud.com\/index.php\/wp-json\/wp\/v2\/weblex-importer-post"}],"about":[{"href":"https:\/\/www.secvergnaud.com\/index.php\/wp-json\/wp\/v2\/types\/weblex-importer-post"}],"wp:featuredmedia":[{"embeddable":true,"href":"https:\/\/www.secvergnaud.com\/index.php\/wp-json\/wp\/v2\/media\/15673"}],"wp:attachment":[{"href":"https:\/\/www.secvergnaud.com\/index.php\/wp-json\/wp\/v2\/media?parent=15672"}],"wp:term":[{"taxonomy":"weblex-importer-activity","embeddable":true,"href":"https:\/\/www.secvergnaud.com\/index.php\/wp-json\/wp\/v2\/weblex-importer-activity?post=15672"},{"taxonomy":"weblex-importer-category","embeddable":true,"href":"https:\/\/www.secvergnaud.com\/index.php\/wp-json\/wp\/v2\/weblex-importer-category?post=15672"},{"taxonomy":"weblex-importer-tag","embeddable":true,"href":"https:\/\/www.secvergnaud.com\/index.php\/wp-json\/wp\/v2\/weblex-importer-tag?post=15672"},{"taxonomy":"weblex-importer-keyword","embeddable":true,"href":"https:\/\/www.secvergnaud.com\/index.php\/wp-json\/wp\/v2\/weblex-importer-keyword?post=15672"}],"curies":[{"name":"wp","href":"https:\/\/api.w.org\/{rel}","templated":true}]}}