{"id":1543,"date":"2021-11-25T05:46:00","date_gmt":"2021-11-25T04:46:00","guid":{"rendered":"https:\/\/www.secvergnaud.com\/index.php\/les-infos-du-jour\/mal-etre-des-agriculteurs-un-nouveau-plan-de-soutien\/"},"modified":"2021-11-25T05:46:00","modified_gmt":"2021-11-25T04:46:00","slug":"mal-etre-des-agriculteurs-un-nouveau-plan-de-soutien","status":"publish","type":"weblex-importer-post","link":"https:\/\/www.secvergnaud.com\/index.php\/les-infos-du-jour\/mal-etre-des-agriculteurs-un-nouveau-plan-de-soutien\/","title":{"rendered":"Mal-\u00eatre des agriculteurs : un nouveau plan de soutien"},"content":{"rendered":"<div>\n<h2>Mal-\u00eatre des agriculteurs : quelles mesures pour soutenir les agriculteurs ?<\/h2>\n<p>Pour pr\u00e9venir le mal-\u00eatre des agriculteurs, le gouvernement a lanc\u00e9 un plan de soutien qui pr\u00e9voit notamment :<\/p>\n<ul>\n<li>la cr\u00e9ation de cellules d\u00e9partementales d\u00e9di\u00e9es \u00e0 la lutte contre le mal-\u00eatre des agriculteurs d\u2019ici la fin de l\u2019ann\u00e9e 2022 m\u00ealant des organismes agricoles, des v\u00e9t\u00e9rinaires, des associations, des services de l\u2019Etat, etc. ;<\/li>\n<li>la mise \u00e0 disposition d\u2019outils (guides, r\u00e9pertoires, brochures, etc.) pour permettre aux acteurs locaux (\u00e9lus, associations, agriculteurs) d\u2019am\u00e9liorer les actions de proximit\u00e9 et de d\u00e9tection d\u00e8s l\u2019ann\u00e9e 2022 ;<\/li>\n<li>le renforcement du cr\u00e9dit d\u2019imp\u00f4t remplacement en cas de maladie ou d\u2019accidents du travail et sa prolongation jusqu\u2019en 2024 ;<\/li>\n<li>la refonte des dispositifs d\u00e9partementaux d\u2019accompagnement \u00e9conomique des agriculteurs en difficult\u00e9 avec un \u00e9largissement des crit\u00e8res d\u2019acc\u00e8s et un doublement du budget (7 M\u20ac par an).<\/li>\n<\/ul>\n<p>Source : Communiqu\u00e9 de presse du minist\u00e8re de l\u2019Agriculture du 23 novembre 2021<\/p>\n<p><a title=\"WebLex - Mal-\u00eatre des agriculteurs : un nouveau plan de soutien\" href=\"https:\/\/www.weblex.fr\/weblex-actualite\/mal-etre-des-agriculteurs-un-nouveau-plan-de-soutien\" target=\"_blank\" rel=\"noopener\">Mal-\u00eatre des agriculteurs : un nouveau plan de soutien<\/a> \u00a9 Copyright WebLex &#8211; 2021<\/p>\n<\/div>\n","protected":false},"excerpt":{"rendered":"<p>La question du mal-\u00eatre et du risque suicidaire des agriculteurs est au c\u0153ur des pr\u00e9occupations du gouvernement. Pour les soutenir, le gouvernement lance un nouveau plan de soutien. Que pr\u00e9voit-il ?<\/p>\n","protected":false},"featured_media":1544,"template":"","weblex-importer-activity":[],"weblex-importer-category":[62,63],"weblex-importer-tag":[61],"weblex-importer-keyword":[],"_links":{"self":[{"href":"https:\/\/www.secvergnaud.com\/index.php\/wp-json\/wp\/v2\/weblex-importer-post\/1543"}],"collection":[{"href":"https:\/\/www.secvergnaud.com\/index.php\/wp-json\/wp\/v2\/weblex-importer-post"}],"about":[{"href":"https:\/\/www.secvergnaud.com\/index.php\/wp-json\/wp\/v2\/types\/weblex-importer-post"}],"wp:featuredmedia":[{"embeddable":true,"href":"https:\/\/www.secvergnaud.com\/index.php\/wp-json\/wp\/v2\/media\/1544"}],"wp:attachment":[{"href":"https:\/\/www.secvergnaud.com\/index.php\/wp-json\/wp\/v2\/media?parent=1543"}],"wp:term":[{"taxonomy":"weblex-importer-activity","embeddable":true,"href":"https:\/\/www.secvergnaud.com\/index.php\/wp-json\/wp\/v2\/weblex-importer-activity?post=1543"},{"taxonomy":"weblex-importer-category","embeddable":true,"href":"https:\/\/www.secvergnaud.com\/index.php\/wp-json\/wp\/v2\/weblex-importer-category?post=1543"},{"taxonomy":"weblex-importer-tag","embeddable":true,"href":"https:\/\/www.secvergnaud.com\/index.php\/wp-json\/wp\/v2\/weblex-importer-tag?post=1543"},{"taxonomy":"weblex-importer-keyword","embeddable":true,"href":"https:\/\/www.secvergnaud.com\/index.php\/wp-json\/wp\/v2\/weblex-importer-keyword?post=1543"}],"curies":[{"name":"wp","href":"https:\/\/api.w.org\/{rel}","templated":true}]}}