{"id":15164,"date":"2023-03-23T00:00:00","date_gmt":"2023-03-22T23:00:00","guid":{"rendered":"https:\/\/www.secvergnaud.com\/index.php\/les-infos-du-jour\/declaration-dimpot-sur-le-revenu-2023-cest-parti\/"},"modified":"2023-03-23T00:00:00","modified_gmt":"2023-03-22T23:00:00","slug":"declaration-dimpot-sur-le-revenu-2023-cest-parti","status":"publish","type":"weblex-importer-post","link":"https:\/\/www.secvergnaud.com\/index.php\/les-infos-du-jour\/declaration-dimpot-sur-le-revenu-2023-cest-parti\/","title":{"rendered":"D\u00e9claration d\u2019imp\u00f4t sur le revenu 2023 : c\u2019est parti !"},"content":{"rendered":"<p>Comme tous les ans, vous allez devoir prochainement remplir votre d\u00e9claration d\u2019imp\u00f4t sur le revenu. Le gouvernement vient de communiquer le calendrier de la campagne d\u00e9clarative. Quelle date limite s\u2019applique \u00e0 votre d\u00e9partement ?<\/p>\n<h2>D\u00e9claration d\u2019imp\u00f4t sur le revenu 2023 : le calendrier<\/h2>\n<p>Cette ann\u00e9e, le d\u00e9but de la p\u00e9riode de d\u00e9claration des revenus 2022 est fix\u00e9e au 13 avril 2023.<\/p>\n<p>Pour les d\u00e9clarations en ligne, les dates limites de d\u00e9p\u00f4t sont les suivantes :<\/p>\n<ul>\n<li>pour les d\u00e9partements n\u00b001 \u00e0 19 et les non-r\u00e9sidents : 25 mai 2023 ;<\/li>\n<li>pour les d\u00e9partements n\u00b020 \u00e0 54 : 1er juin 2023 ;<\/li>\n<li>pour les d\u00e9partements n\u00b055 \u00e0 976 : 8 juin 2023.<\/li>\n<\/ul>\n<p>Pour les d\u00e9clarations papier en revanche, la date limite de d\u00e9p\u00f4t est fix\u00e9e au 22 mai 2023, quel que soit le lieu de r\u00e9sidence.<br \/>&nbsp;<\/p>\n<div>Sources :  <\/p>\n<p><a href=\"https:\/\/www.economie.gouv.fr\/particuliers\/impot-sur-revenu-calendrier?xtor=ES-39-%5bBI_310_20230321%5d-20230321-%5bhttps:\/\/www.economie.gouv.fr\/particuliers\/impot-sur-revenu-calendrier\" rel=\"noopener\" target=\"_blank\">Actualit\u00e9 du site Internet economie.gouv.fr, du 16 mars 2023<\/a><\/p>\n<p>&nbsp;<\/p>\n<\/div>\n<p><a href=\"https:\/\/www.weblex.fr\/weblex-actualite\/declaration-d-impot-sur-le-revenu-2023-c-est-parti\" target=\"_blank\" rel=\"noopener\">D\u00e9claration d\u2019imp\u00f4t sur le revenu 2023 : c\u2019est parti !<\/a> &#8211; \u00a9 Copyright WebLex<\/p>\n<p><img src=\"https:\/\/www.weblex.fr\/sites\/default\/files\/actualites\/images\/imp%C3%B4ts.jpg\"><\/p>\n","protected":false},"excerpt":{"rendered":"<p>Comme tous les ans, vous allez devoir prochainement remplir votre d\u00e9claration d\u2019imp\u00f4t sur le revenu. Le gouvernement vient de communiquer le calendrier de la campagne d\u00e9clarative. Quelle date limite s\u2019applique \u00e0 votre d\u00e9partement ?<\/p>\n","protected":false},"featured_media":15165,"template":"","weblex-importer-activity":[],"weblex-importer-category":[62,64],"weblex-importer-tag":[198],"weblex-importer-keyword":[],"_links":{"self":[{"href":"https:\/\/www.secvergnaud.com\/index.php\/wp-json\/wp\/v2\/weblex-importer-post\/15164"}],"collection":[{"href":"https:\/\/www.secvergnaud.com\/index.php\/wp-json\/wp\/v2\/weblex-importer-post"}],"about":[{"href":"https:\/\/www.secvergnaud.com\/index.php\/wp-json\/wp\/v2\/types\/weblex-importer-post"}],"wp:featuredmedia":[{"embeddable":true,"href":"https:\/\/www.secvergnaud.com\/index.php\/wp-json\/wp\/v2\/media\/15165"}],"wp:attachment":[{"href":"https:\/\/www.secvergnaud.com\/index.php\/wp-json\/wp\/v2\/media?parent=15164"}],"wp:term":[{"taxonomy":"weblex-importer-activity","embeddable":true,"href":"https:\/\/www.secvergnaud.com\/index.php\/wp-json\/wp\/v2\/weblex-importer-activity?post=15164"},{"taxonomy":"weblex-importer-category","embeddable":true,"href":"https:\/\/www.secvergnaud.com\/index.php\/wp-json\/wp\/v2\/weblex-importer-category?post=15164"},{"taxonomy":"weblex-importer-tag","embeddable":true,"href":"https:\/\/www.secvergnaud.com\/index.php\/wp-json\/wp\/v2\/weblex-importer-tag?post=15164"},{"taxonomy":"weblex-importer-keyword","embeddable":true,"href":"https:\/\/www.secvergnaud.com\/index.php\/wp-json\/wp\/v2\/weblex-importer-keyword?post=15164"}],"curies":[{"name":"wp","href":"https:\/\/api.w.org\/{rel}","templated":true}]}}