{"id":15128,"date":"2023-03-29T00:00:00","date_gmt":"2023-03-28T22:00:00","guid":{"rendered":"https:\/\/www.secvergnaud.com\/index.php\/les-infos-du-jour\/notaires-honoraires-davocat-frais-professionnels\/"},"modified":"2023-03-29T00:00:00","modified_gmt":"2023-03-28T22:00:00","slug":"notaires-honoraires-davocat-frais-professionnels","status":"publish","type":"weblex-importer-post","link":"https:\/\/www.secvergnaud.com\/index.php\/les-infos-du-jour\/notaires-honoraires-davocat-frais-professionnels\/","title":{"rendered":"Notaires : honoraires d&#039;avocat = frais professionnels ?"},"content":{"rendered":"<p>Un notaire, en litige avec le Garde des sceaux concernant ses droits \u00e0 la retraite, engage un avocat et s&rsquo;interroge : les honoraires d&rsquo;avocat peuvent-ils \u00eatre assimil\u00e9s \u00e0 des frais professionnels au regard de la r\u00e9glementation fiscale ? R\u00e9ponse du Gouvernement&#8230;<\/p>\n<h2>Honoraires d&rsquo;avocat = frais professionnels ? Du cas par cas&#8230;<\/h2>\n<p>Un d\u00e9put\u00e9 a r\u00e9cemment interrog\u00e9 le Gouvernement sur un probl\u00e8me concret impliquant un notaire, en litige avec le Garde des sceaux concernant ses droits \u00e0 la retraite.<\/p>\n<p>Au vu de l&rsquo;ampleur du probl\u00e8me, le notaire a d\u00fb saisir le Conseil de prud&rsquo;hommes. Il a donc engag\u00e9 pour cela un avocat, qui lui a factur\u00e9 des honoraires.<\/p>\n<p>Se pose alors la question du traitement fiscal de ces honoraires d&rsquo;avocat pour le calcul de l&rsquo;imp\u00f4t d\u00fb par le notaire.<\/p>\n<p>Une interrogation l\u00e9gitime, mais qui n&rsquo;appelle pas de r\u00e9ponse absolue, selon le Gouvernement : pour pouvoir r\u00e9pondre \u00e0 cette question, il est imp\u00e9ratif de distinguer selon les modalit\u00e9s d&rsquo;imposition et d&rsquo;exercice de l&rsquo;activit\u00e9 de notaire.<\/p>\n<p>Ainsi, 3 cas de figure sont \u00e0 envisager :<\/p>\n<ul>\n<li>cas n\u00b01 :&nbsp;le notaire qui exerce son activit\u00e9 \u00e0 titre individuel et dont les revenus sont impos\u00e9s dans la cat\u00e9gorie des b\u00e9n\u00e9fices non commerciaux (BNC) ;<\/li>\n<li>cas n\u00b02 : le notaire associ\u00e9 d&rsquo;une soci\u00e9t\u00e9 soumise \u00e0 l&rsquo;imp\u00f4t sur les soci\u00e9t\u00e9s (IS) ;<\/li>\n<li>cas n\u00b03 : le notaire salari\u00e9 dont les revenus sont impos\u00e9s \u00e0 l&rsquo;imp\u00f4t sur le revenu dans la cat\u00e9gorie des traitements et salaires (TS).<\/li>\n<\/ul>\n<p>Dans le cas n\u00b01, le Gouvernement rappelle que les honoraires vers\u00e9s dans le cadre de l&rsquo;exercice de la profession sont d\u00e9ductibles du r\u00e9sultat imposable.<\/p>\n<p>Probl\u00e8me : les honoraires vers\u00e9s dans le cadre d&rsquo;un litige visant \u00e0 faire valoir ses droits \u00e0 la retraite sont des d\u00e9penses d&rsquo;ordre personnel, qui ne se rattachent pas \u00e0 l&rsquo;exercice de la profession.<\/p>\n<p>Par cons\u00e9quent, ils ne sont pas d\u00e9ductibles des revenus impos\u00e9s dans la cat\u00e9gorie des BNC.<\/p>\n<p>Quant aux notaires qui se retrouvent dans le cas n\u00b02, rappelons que pour qu&rsquo;une charge (ici les honoraires d&rsquo;avocat) soit admise en d\u00e9duction du r\u00e9sultat imposable \u00e0 l&rsquo;IS, elle doit \u00eatre engag\u00e9e dans l&rsquo;int\u00e9r\u00eat direct de l&rsquo;exploitation, ou se rattacher \u00e0 la gestion normale de l&rsquo;entreprise.&nbsp;<\/p>\n<p>Au cas pr\u00e9sent, une fois encore, les honoraires engag\u00e9s par le notaire dans le cadre d&rsquo;un litige visant \u00e0 faire valoir ses droits \u00e0 la retraite sont des d\u00e9penses d&rsquo;ordre personnel.<\/p>\n<p>Parce qu&rsquo;ils ne sont pas engag\u00e9s dans l&rsquo;int\u00e9r\u00eat direct de l&rsquo;exploitation, et parce qu&rsquo;ils ne rel\u00e8vent pas d&rsquo;une gestion normale de l&rsquo;entreprise, ils ne sont pas d\u00e9ductibles du r\u00e9sultat imposable de la soci\u00e9t\u00e9 !<\/p>\n<p>Pour finir, le Gouvernement \u00e9voque les notaires plac\u00e9s dans la 3e situation, donc impos\u00e9s dans la cat\u00e9gorie des TS.&nbsp;<\/p>\n<p>Il rappelle que la d\u00e9duction des frais professionnels peut s&rsquo;op\u00e9rer de 2 fa\u00e7ons :<\/p>\n<ul>\n<li>soit en&nbsp;conservant le b\u00e9n\u00e9fice de la d\u00e9duction forfaitaire de 10 % appliqu\u00e9e automatiquement par l&rsquo;administration fiscale ;<\/li>\n<li>soit en optant pour les \u00ab&nbsp;frais r\u00e9els \u00bb, qui permet la d\u00e9duction des frais professionnels pour leur montant r\u00e9el et justifi\u00e9.<\/li>\n<\/ul>\n<p>Sur ce dernier point, le Gouvernement rappelle que les frais de proc\u00e9dure engag\u00e9s par les salari\u00e9s dans le cadre d&rsquo;un litige avec l&#8217;employeur concernant le paiement du salaire sont d\u00e9ductibles.&nbsp;<\/p>\n<p>Pourquoi ? Parce qu&rsquo;il s&rsquo;agit de frais engag\u00e9s pour l&rsquo;acquisition ou la conservation du revenu imposable&#8230; donc de frais professionnels.<\/p>\n<p>En revanche, tel n&rsquo;est pas le cas des frais relatifs \u00e0 une proc\u00e9dure engag\u00e9e pour faire valoir ses droits \u00e0 la retraite.<\/p>\n<p>Moralit\u00e9, qu&rsquo;il s&rsquo;agisse du cas n\u00b01, du cas n\u00b02 ou du cas n\u00b03, la conclusion du Gouvernement est la m\u00eame : la d\u00e9duction des honoraires d&rsquo;avocat engag\u00e9s par un notaire dans le cadre d&rsquo;une proc\u00e9dure visant \u00e0 faire valoir ses droits \u00e0 la retraite ne sont pas d\u00e9ductibles !<\/p>\n<div>Sources :  <\/p>\n<p><a href=\"https:\/\/questions.assemblee-nationale.fr\/q16\/16-2156QE.htm\" rel=\"noopener\" target=\"_blank\">R\u00e9ponse minist\u00e9rielle Plassard du 7 f\u00e9vrier 2023, Assembl\u00e9e nationale, n\u00b0 2156 : \u00ab&nbsp;Frais engag\u00e9s par un notaire en contentieux avec son administration de tutelle \u00bb&nbsp;<\/a><\/p>\n<p>&nbsp;<\/p>\n<\/div>\n<p><a href=\"https:\/\/www.weblex.fr\/weblex-actualite\/notaires-honoraires-d-avocat-frais-professionnels\" target=\"_blank\" rel=\"noopener\">Notaires : honoraires d&rsquo;avocat = frais professionnels ?<\/a> &#8211; \u00a9 Copyright WebLex<\/p>\n<p><img src=\"https:\/\/www.weblex.fr\/sites\/default\/files\/actualites\/images\/question.jpg\"><\/p>\n","protected":false},"excerpt":{"rendered":"<p>Un notaire, en litige avec le Garde des sceaux concernant ses droits \u00e0 la retraite, engage un avocat et s&rsquo;interroge : les honoraires d&rsquo;avocat peuvent-ils \u00eatre assimil\u00e9s \u00e0 des frais professionnels au regard de la r\u00e9glementation fiscale ? R\u00e9ponse du Gouvernement&#8230;<\/p>\n","protected":false},"featured_media":15129,"template":"","weblex-importer-activity":[],"weblex-importer-category":[62,66],"weblex-importer-tag":[198],"weblex-importer-keyword":[],"_links":{"self":[{"href":"https:\/\/www.secvergnaud.com\/index.php\/wp-json\/wp\/v2\/weblex-importer-post\/15128"}],"collection":[{"href":"https:\/\/www.secvergnaud.com\/index.php\/wp-json\/wp\/v2\/weblex-importer-post"}],"about":[{"href":"https:\/\/www.secvergnaud.com\/index.php\/wp-json\/wp\/v2\/types\/weblex-importer-post"}],"wp:featuredmedia":[{"embeddable":true,"href":"https:\/\/www.secvergnaud.com\/index.php\/wp-json\/wp\/v2\/media\/15129"}],"wp:attachment":[{"href":"https:\/\/www.secvergnaud.com\/index.php\/wp-json\/wp\/v2\/media?parent=15128"}],"wp:term":[{"taxonomy":"weblex-importer-activity","embeddable":true,"href":"https:\/\/www.secvergnaud.com\/index.php\/wp-json\/wp\/v2\/weblex-importer-activity?post=15128"},{"taxonomy":"weblex-importer-category","embeddable":true,"href":"https:\/\/www.secvergnaud.com\/index.php\/wp-json\/wp\/v2\/weblex-importer-category?post=15128"},{"taxonomy":"weblex-importer-tag","embeddable":true,"href":"https:\/\/www.secvergnaud.com\/index.php\/wp-json\/wp\/v2\/weblex-importer-tag?post=15128"},{"taxonomy":"weblex-importer-keyword","embeddable":true,"href":"https:\/\/www.secvergnaud.com\/index.php\/wp-json\/wp\/v2\/weblex-importer-keyword?post=15128"}],"curies":[{"name":"wp","href":"https:\/\/api.w.org\/{rel}","templated":true}]}}