{"id":15110,"date":"2023-04-03T00:00:00","date_gmt":"2023-04-02T22:00:00","guid":{"rendered":"https:\/\/www.secvergnaud.com\/index.php\/les-infos-du-jour\/designation-dun-representant-syndical-au-cse-un-seuil-a-respecter\/"},"modified":"2023-04-03T00:00:00","modified_gmt":"2023-04-02T22:00:00","slug":"designation-dun-representant-syndical-au-cse-un-seuil-a-respecter","status":"publish","type":"weblex-importer-post","link":"https:\/\/www.secvergnaud.com\/index.php\/les-infos-du-jour\/designation-dun-representant-syndical-au-cse-un-seuil-a-respecter\/","title":{"rendered":"D\u00e9signation d&#039;un repr\u00e9sentant syndical au CSE : un seuil \u00e0 respecter"},"content":{"rendered":"<p>Dans&nbsp;une r\u00e9cente d\u00e9cision, le juge pr\u00e9cise la date \u00e0 laquelle le seuil des effectifs doit \u00eatre atteint pour que soit valablement d\u00e9sign\u00e9 un repr\u00e9sentant syndical au sein du comit\u00e9 social et \u00e9conomique (CSE)&#8230; Explications.<\/p>\n<h2>D\u00e9signation d&rsquo;un repr\u00e9sentant syndical : \u00ab save the date \u00bb !&nbsp;<\/h2>\n<p>Pour rappel, si une organisation syndicale est repr\u00e9sentative dans une entreprise de plus de 300 salari\u00e9s, un repr\u00e9sentant syndical peut \u00eatre d\u00e9sign\u00e9 \u00e0 tout moment au sein du comit\u00e9 social et \u00e9conomique (CSE).<\/p>\n<p>Ce repr\u00e9sentant doit faire partie du personnel (non \u00e9lu) et peut assister \u00e0 toutes les s\u00e9ances afin de d\u00e9fendre les int\u00e9r\u00eats des adh\u00e9rents qu&rsquo;il repr\u00e9sente. Toutefois, sa voix n&rsquo;est que consultative.<\/p>\n<p>Par principe, le seuil est atteint lorsque l&rsquo;effectif de l&rsquo;entreprise d\u00e9passe les 300 salari\u00e9s durant 12 mois cons\u00e9cutifs. Ce qui pose la question de savoir \u00e0 quelle date les comptes doivent \u00eatre faits&#8230; Le juge a eu l&rsquo;occasion de r\u00e9pondre \u00e0 cette question.<\/p>\n<p>Dans une r\u00e9cente affaire, un salari\u00e9 est d\u00e9sign\u00e9 comme repr\u00e9sentant syndical au sein du CSE d&rsquo;une entreprise de plus de 300 salari\u00e9s.<\/p>\n<p>L&#8217;employeur conteste cette nomination :&nbsp;selon lui, en effet, le seuil&nbsp;n&rsquo;\u00e9tait&nbsp;pas atteint au jour des derni\u00e8res \u00e9lections du CSE.<\/p>\n<p>Sauf que c&rsquo;est au jour de la d\u00e9signation du repr\u00e9sentant syndical que l&rsquo;op\u00e9ration doit \u00eatre appr\u00e9ci\u00e9e, argumente le syndicat. Ainsi, il faut prendre en compte les 12 mois ayant pr\u00e9c\u00e9d\u00e9s&nbsp;le jour de la d\u00e9signation pour calculer le seuil des effectifs.<\/p>\n<p>\u00ab Faux ! \u00bb, r\u00e9pond le juge, pour qui un repr\u00e9sentant syndical ne peut \u00eatre d\u00e9sign\u00e9 que lorsque l&rsquo;effectif est de plus de 300 salari\u00e9s au jour des derni\u00e8res \u00e9lections.<\/p>\n<div>Sources :  <\/p>\n<p><a href=\"https:\/\/www.legifrance.gouv.fr\/juri\/id\/JURITEXT000047350553?init=true&amp;page=1&amp;query=22-11.461&amp;searchField=ALL&amp;tab_selection=all\" rel=\"noopener\" target=\"_blank\">Arr\u00eat de la&nbsp;Cour de cassation, chambre sociale, du 22 mars 2023, n\u00b0 22-11461<\/a><\/p>\n<p>&nbsp;<\/p>\n<\/div>\n<p><a href=\"https:\/\/www.weblex.fr\/weblex-actualite\/designation-d-un-representant-syndical-au-cse-un-seuil-a-respecter\" target=\"_blank\" rel=\"noopener\">D\u00e9signation d&rsquo;un repr\u00e9sentant syndical au CSE : un seuil \u00e0 respecter<\/a> &#8211; \u00a9 Copyright WebLex<\/p>\n<p><img src=\"https:\/\/www.weblex.fr\/sites\/default\/files\/actualites\/images\/Shutterstock_1892375572.jpg\"><\/p>\n","protected":false},"excerpt":{"rendered":"<p>Dans&nbsp;une r\u00e9cente d\u00e9cision, le juge pr\u00e9cise la date \u00e0 laquelle le seuil des effectifs doit \u00eatre atteint pour que soit valablement d\u00e9sign\u00e9 un repr\u00e9sentant syndical au sein du comit\u00e9 social et \u00e9conomique (CSE)&#8230; Explications.<\/p>\n","protected":false},"featured_media":15111,"template":"","weblex-importer-activity":[],"weblex-importer-category":[62,65],"weblex-importer-tag":[198],"weblex-importer-keyword":[],"_links":{"self":[{"href":"https:\/\/www.secvergnaud.com\/index.php\/wp-json\/wp\/v2\/weblex-importer-post\/15110"}],"collection":[{"href":"https:\/\/www.secvergnaud.com\/index.php\/wp-json\/wp\/v2\/weblex-importer-post"}],"about":[{"href":"https:\/\/www.secvergnaud.com\/index.php\/wp-json\/wp\/v2\/types\/weblex-importer-post"}],"wp:featuredmedia":[{"embeddable":true,"href":"https:\/\/www.secvergnaud.com\/index.php\/wp-json\/wp\/v2\/media\/15111"}],"wp:attachment":[{"href":"https:\/\/www.secvergnaud.com\/index.php\/wp-json\/wp\/v2\/media?parent=15110"}],"wp:term":[{"taxonomy":"weblex-importer-activity","embeddable":true,"href":"https:\/\/www.secvergnaud.com\/index.php\/wp-json\/wp\/v2\/weblex-importer-activity?post=15110"},{"taxonomy":"weblex-importer-category","embeddable":true,"href":"https:\/\/www.secvergnaud.com\/index.php\/wp-json\/wp\/v2\/weblex-importer-category?post=15110"},{"taxonomy":"weblex-importer-tag","embeddable":true,"href":"https:\/\/www.secvergnaud.com\/index.php\/wp-json\/wp\/v2\/weblex-importer-tag?post=15110"},{"taxonomy":"weblex-importer-keyword","embeddable":true,"href":"https:\/\/www.secvergnaud.com\/index.php\/wp-json\/wp\/v2\/weblex-importer-keyword?post=15110"}],"curies":[{"name":"wp","href":"https:\/\/api.w.org\/{rel}","templated":true}]}}