{"id":15104,"date":"2023-04-04T00:00:00","date_gmt":"2023-04-03T22:00:00","guid":{"rendered":"https:\/\/www.secvergnaud.com\/index.php\/les-infos-du-jour\/mieux-comprendre-laction-representative\/"},"modified":"2023-04-04T00:00:00","modified_gmt":"2023-04-03T22:00:00","slug":"mieux-comprendre-laction-representative","status":"publish","type":"weblex-importer-post","link":"https:\/\/www.secvergnaud.com\/index.php\/les-infos-du-jour\/mieux-comprendre-laction-representative\/","title":{"rendered":"Mieux comprendre l&#039;action repr\u00e9sentative"},"content":{"rendered":"<p>Apr\u00e8s que les consommateurs europ\u00e9ens aient \u00e9t\u00e9 touch\u00e9s par plusieurs scandales d&rsquo;ampleur, l&rsquo;Union europ\u00e9enne (UE) a mis en place, en 2020, les \u00ab\u00a0actions de groupe europ\u00e9ennes\u00a0\u00bb. Par le d\u00e9veloppement de cette nouvelle proc\u00e9dure, l&rsquo;UE entend offrir aux consommateurs une possibilit\u00e9 de d\u00e9fendre leurs int\u00e9r\u00eats de fa\u00e7on conjointe face \u00e0 des entit\u00e9s aux moyens importants&#8230; \u00c9clairage sur ce dispositif peu connu&#8230;<\/p>\n<h2>Consommateurs : l&rsquo;union fait la force !<\/h2>\n<p>Apr\u00e8s une r\u00e9flexion ouverte d\u00e8s 2018, l&rsquo;Union europ\u00e9enne a d\u00e9cid\u00e9 de cr\u00e9er une proc\u00e9dure permettant&nbsp;aux consommateurs d&rsquo;unir leurs forces pour faire valoir leurs droits. Ceci a abouti, en 2020, \u00e0 la publication d&rsquo;une directive mettant en place les \u00ab actions repr\u00e9sentatives europ\u00e9ennes \u00bb.<\/p>\n<p>Ce texte pr\u00e9voit que chaque \u00c9tat membre doit mettre en place un r\u00e9gime juridique conforme \u00e0 son droit interne et permettant aux consommateurs de tous les \u00c9tats de se joindre \u00e0 une action commune.<\/p>\n<p>Les actions repr\u00e9sentatives sont syst\u00e9matiquement port\u00e9es par des entit\u00e9s qualifi\u00e9es d\u00e9sign\u00e9es par chaque \u00c9tat. En France, <a href=\"https:\/\/www.inc-conso.fr\/sites\/default\/files\/pdf\/guide_associations_consommateurs_2021.pdf\" rel=\"noopener\" target=\"_blank\">15 associations<\/a> sont agr\u00e9\u00e9es pour mener ces actions.<\/p>\n<p>Pour mieux comprendre ces actions, le site Internet vie-publique publie un <a href=\"https:\/\/www.vie-publique.fr\/questions-reponses\/272031-protection-des-consommateurs-les-actions-de-groupe-europeennes\" rel=\"noopener\" target=\"_blank\">r\u00e9capitulatif<\/a> afin de d\u00e9tailler la proc\u00e9dure, d&rsquo;expliquer qui peut y prendre part et comment, mais \u00e9galement de&nbsp;marquer la diff\u00e9rence avec la proc\u00e9dure de \u00abclass action\u00bb am\u00e9ricaine, tr\u00e8s pr\u00e9sente dans l&rsquo;imaginaire collectif.<\/p>\n<div>Sources :  <\/p>\n<ul>\n<li><a href=\"https:\/\/www.vie-publique.fr\/questions-reponses\/272031-protection-des-consommateurs-les-actions-de-groupe-europeennes\" rel=\"noopener\" target=\"_blank\">Actualit\u00e9 de Vie-publique du 28 mars 2023 : \u00ab\u00a0Protection des consommateurs : les actions de groupe europ\u00e9ennes\u00a0\u00bb<\/a><\/li>\n<\/ul>\n<p>&nbsp;<\/p>\n<\/div>\n<p><a href=\"https:\/\/www.weblex.fr\/weblex-actualite\/mieux-comprendre-l-action-representative\" target=\"_blank\" rel=\"noopener\">Mieux comprendre l&rsquo;action repr\u00e9sentative<\/a> &#8211; \u00a9 Copyright WebLex<\/p>\n<p><img src=\"https:\/\/www.weblex.fr\/sites\/default\/files\/actualites\/images\/Shutterstock_2077369573.jpg\"><\/p>\n","protected":false},"excerpt":{"rendered":"<p>Apr\u00e8s que les consommateurs europ\u00e9ens aient \u00e9t\u00e9 touch\u00e9s par plusieurs scandales d&rsquo;ampleur, l&rsquo;Union europ\u00e9enne (UE) a mis en place, en 2020, les \u00ab\u00a0actions de groupe europ\u00e9ennes\u00a0\u00bb. Par le d\u00e9veloppement de cette nouvelle proc\u00e9dure, l&rsquo;UE entend offrir aux consommateurs une possibilit\u00e9 de d\u00e9fendre leurs int\u00e9r\u00eats de fa\u00e7on conjointe face \u00e0 des entit\u00e9s aux moyens importants&#8230; \u00c9clairage sur ce dispositif peu connu&#8230;<\/p>\n","protected":false},"featured_media":15105,"template":"","weblex-importer-activity":[],"weblex-importer-category":[62,64],"weblex-importer-tag":[198],"weblex-importer-keyword":[],"_links":{"self":[{"href":"https:\/\/www.secvergnaud.com\/index.php\/wp-json\/wp\/v2\/weblex-importer-post\/15104"}],"collection":[{"href":"https:\/\/www.secvergnaud.com\/index.php\/wp-json\/wp\/v2\/weblex-importer-post"}],"about":[{"href":"https:\/\/www.secvergnaud.com\/index.php\/wp-json\/wp\/v2\/types\/weblex-importer-post"}],"wp:featuredmedia":[{"embeddable":true,"href":"https:\/\/www.secvergnaud.com\/index.php\/wp-json\/wp\/v2\/media\/15105"}],"wp:attachment":[{"href":"https:\/\/www.secvergnaud.com\/index.php\/wp-json\/wp\/v2\/media?parent=15104"}],"wp:term":[{"taxonomy":"weblex-importer-activity","embeddable":true,"href":"https:\/\/www.secvergnaud.com\/index.php\/wp-json\/wp\/v2\/weblex-importer-activity?post=15104"},{"taxonomy":"weblex-importer-category","embeddable":true,"href":"https:\/\/www.secvergnaud.com\/index.php\/wp-json\/wp\/v2\/weblex-importer-category?post=15104"},{"taxonomy":"weblex-importer-tag","embeddable":true,"href":"https:\/\/www.secvergnaud.com\/index.php\/wp-json\/wp\/v2\/weblex-importer-tag?post=15104"},{"taxonomy":"weblex-importer-keyword","embeddable":true,"href":"https:\/\/www.secvergnaud.com\/index.php\/wp-json\/wp\/v2\/weblex-importer-keyword?post=15104"}],"curies":[{"name":"wp","href":"https:\/\/api.w.org\/{rel}","templated":true}]}}