{"id":15100,"date":"2023-04-04T00:00:00","date_gmt":"2023-04-03T22:00:00","guid":{"rendered":"https:\/\/www.secvergnaud.com\/index.php\/les-infos-du-jour\/lexperimentation-sur-le-cannabis-therapeutique-joue-les-prolongations\/"},"modified":"2023-04-04T00:00:00","modified_gmt":"2023-04-03T22:00:00","slug":"lexperimentation-sur-le-cannabis-therapeutique-joue-les-prolongations","status":"publish","type":"weblex-importer-post","link":"https:\/\/www.secvergnaud.com\/index.php\/les-infos-du-jour\/lexperimentation-sur-le-cannabis-therapeutique-joue-les-prolongations\/","title":{"rendered":"L&#039;exp\u00e9rimentation sur le cannabis th\u00e9rapeutique joue les prolongations"},"content":{"rendered":"<p>Introduite par la loi de financement de la S\u00e9curit\u00e9 sociale pour 2020, l&rsquo;exp\u00e9rimentation portant sur l&rsquo;usage th\u00e9rapeutique du cannabis devait prendre fin en mars 2023. Mais le Gouvernement a d\u00e9cid\u00e9 de prolonger le dispositif. Pour combien de temps ? Selon quelles modalit\u00e9s ? Revue de d\u00e9tails&#8230;<\/p>\n<h2>Cannabis \u00e0 usage m\u00e9dical : une exp\u00e9rimentation prolong\u00e9e d&rsquo;un an<\/h2>\n<p>L&rsquo;exp\u00e9rimentation relative \u00e0 l&rsquo;usage m\u00e9dical du cannabis sous la forme de m\u00e9dicaments a \u00e9t\u00e9&nbsp;prolong\u00e9e d&rsquo;un an, pour se terminer en mars 2024.<\/p>\n<p>La liste des m\u00e9dicaments \u00e0 base de cannabis pouvant \u00eatre utilis\u00e9s pendant l&rsquo;exp\u00e9rimentation a \u00e9galement \u00e9t\u00e9 mise \u00e0 jour. Ainsi, ils peuvent se pr\u00e9senter sous l&rsquo;une des deux formes pharmaceutiques suivantes :<\/p>\n<ul>\n<li>une forme pour inhalation par vaporisation, telle que des sommit\u00e9s fleuries s\u00e9ch\u00e9es,&nbsp;contenant du THC et du CBD ;<\/li>\n<li>une forme orale ou sublinguale \u00e0 base d&rsquo;extraits solubilis\u00e9s dans une matrice huileuse contenant du THC et du CBD.<\/li>\n<\/ul>\n<p>Il est pr\u00e9cis\u00e9 qu&rsquo;un dispositif de vaporisation sous forme de dispositif m\u00e9dical devra \u00eatre utilis\u00e9 pour les formes inhal\u00e9es.<\/p>\n<div>Sources :  <\/p>\n<ul>\n<li><a href=\"https:\/\/www.legifrance.gouv.fr\/jorf\/id\/JORFTEXT000047342691\" rel=\"noopener\" target=\"_blank\">D\u00e9cret n\u00b0 2023-202 du 25 mars 2023 relatif \u00e0 la prolongation de l&rsquo;exp\u00e9rimentation de l&rsquo;usage m\u00e9dical du cannabis<\/a><\/li>\n<li><a href=\"https:\/\/www.legifrance.gouv.fr\/jorf\/id\/JORFTEXT000047342714\" rel=\"noopener\" target=\"_blank\">Arr\u00eat\u00e9 du 25 mars 2023 modifiant l&rsquo;arr\u00eat\u00e9 du 29 d\u00e9cembre 2020 fixant les modalit\u00e9s de participation des m\u00e9decins et pharmaciens volontaires intervenant dans l&rsquo;exp\u00e9rimentation pr\u00e9vue \u00e0 l&rsquo;article 43 de la loi n\u00b0 2019-1446 du 24 d\u00e9cembre 2019 de financement de la s\u00e9curit\u00e9 sociale pour 2020 ainsi que les conditions de formation pr\u00e9alable obligatoire et de r\u00e9mun\u00e9ration des professionnels de sant\u00e9 participant \u00e0 cette exp\u00e9rimentation<\/a><\/li>\n<li><a href=\"https:\/\/www.legifrance.gouv.fr\/jorf\/id\/JORFTEXT000047342737\" rel=\"noopener\" target=\"_blank\">Arr\u00eat\u00e9 du 25 mars 2023 modifiant l&rsquo;arr\u00eat\u00e9 du 29 octobre 2020 fixant les modalit\u00e9s et conditions techniques du registre national \u00e9lectronique pr\u00e9vu \u00e0 l&rsquo;article 4 du d\u00e9cret n\u00b0 2020-1230 du 7 octobre 2020 relatif \u00e0 l&rsquo;exp\u00e9rimentation de l&rsquo;usage m\u00e9dical du cannabis<\/a><\/li>\n<li><a href=\"https:\/\/www.legifrance.gouv.fr\/jorf\/id\/JORFTEXT000047342751\" rel=\"noopener\" target=\"_blank\">Arr\u00eat\u00e9 du 25 mars 2023 modifiant l&rsquo;arr\u00eat\u00e9 du 16 octobre 2020 fixant les sp\u00e9cifications des m\u00e9dicaments \u00e0 base de cannabis utilis\u00e9s pendant l&rsquo;exp\u00e9rimentation pr\u00e9vue \u00e0 l&rsquo;article 43 de la loi n\u00b0 2019-1446 du 24 d\u00e9cembre 2019 de financement de la s\u00e9curit\u00e9 sociale pour 2020, les conditions de leur mise \u00e0 disposition ainsi que les indications th\u00e9rapeutiques ou situations cliniques dans lesquelles ils seront utilis\u00e9s<\/a><\/li>\n<\/ul>\n<\/div>\n<p><a href=\"https:\/\/www.weblex.fr\/weblex-actualite\/l-experimentation-sur-le-cannabis-therapeutique-joue-les-prolongations\" target=\"_blank\" rel=\"noopener\">L&rsquo;exp\u00e9rimentation sur le cannabis th\u00e9rapeutique joue les prolongations<\/a> &#8211; \u00a9 Copyright WebLex<\/p>\n<p><img src=\"https:\/\/www.weblex.fr\/sites\/default\/files\/actualites\/images\/cannabis.jpg\"><\/p>\n","protected":false},"excerpt":{"rendered":"<p>Introduite par la loi de financement de la S\u00e9curit\u00e9 sociale pour 2020, l&rsquo;exp\u00e9rimentation portant sur l&rsquo;usage th\u00e9rapeutique du cannabis devait prendre fin en mars 2023. Mais le Gouvernement a d\u00e9cid\u00e9 de prolonger le dispositif. Pour combien de temps ? Selon quelles modalit\u00e9s ? Revue de d\u00e9tails&#8230;<\/p>\n","protected":false},"featured_media":15101,"template":"","weblex-importer-activity":[],"weblex-importer-category":[62,63],"weblex-importer-tag":[198],"weblex-importer-keyword":[],"_links":{"self":[{"href":"https:\/\/www.secvergnaud.com\/index.php\/wp-json\/wp\/v2\/weblex-importer-post\/15100"}],"collection":[{"href":"https:\/\/www.secvergnaud.com\/index.php\/wp-json\/wp\/v2\/weblex-importer-post"}],"about":[{"href":"https:\/\/www.secvergnaud.com\/index.php\/wp-json\/wp\/v2\/types\/weblex-importer-post"}],"wp:featuredmedia":[{"embeddable":true,"href":"https:\/\/www.secvergnaud.com\/index.php\/wp-json\/wp\/v2\/media\/15101"}],"wp:attachment":[{"href":"https:\/\/www.secvergnaud.com\/index.php\/wp-json\/wp\/v2\/media?parent=15100"}],"wp:term":[{"taxonomy":"weblex-importer-activity","embeddable":true,"href":"https:\/\/www.secvergnaud.com\/index.php\/wp-json\/wp\/v2\/weblex-importer-activity?post=15100"},{"taxonomy":"weblex-importer-category","embeddable":true,"href":"https:\/\/www.secvergnaud.com\/index.php\/wp-json\/wp\/v2\/weblex-importer-category?post=15100"},{"taxonomy":"weblex-importer-tag","embeddable":true,"href":"https:\/\/www.secvergnaud.com\/index.php\/wp-json\/wp\/v2\/weblex-importer-tag?post=15100"},{"taxonomy":"weblex-importer-keyword","embeddable":true,"href":"https:\/\/www.secvergnaud.com\/index.php\/wp-json\/wp\/v2\/weblex-importer-keyword?post=15100"}],"curies":[{"name":"wp","href":"https:\/\/api.w.org\/{rel}","templated":true}]}}