{"id":15080,"date":"2023-04-07T00:00:00","date_gmt":"2023-04-06T22:00:00","guid":{"rendered":"https:\/\/www.secvergnaud.com\/index.php\/les-infos-du-jour\/plan-eau-quel-contenu\/"},"modified":"2023-04-07T00:00:00","modified_gmt":"2023-04-06T22:00:00","slug":"plan-eau-quel-contenu","status":"publish","type":"weblex-importer-post","link":"https:\/\/www.secvergnaud.com\/index.php\/les-infos-du-jour\/plan-eau-quel-contenu\/","title":{"rendered":"Plan \u00ab eau \u00bb : quel contenu ?"},"content":{"rendered":"<p>Apr\u00e8s un \u00e9t\u00e9 2022 marqu\u00e9 par une s\u00e9cheresse importante, l&rsquo;hiver qui a suivi a aggrav\u00e9 la situation, en raison de la faible pluviom\u00e9trie. Et parce que les ann\u00e9es \u00e0 venir seront \u00e9galement marqu\u00e9es par d&rsquo;importants \u00e9pisodes de s\u00e9cheresse, le Gouvernement a d\u00e9cid\u00e9 de mettre en place un plan d&rsquo;action&#8230;<\/p>\n<h2>53 mesures pour l&rsquo;eau !&nbsp;<\/h2>\n<p>Le 30 mars 2023, le Gouvernement a d\u00e9voil\u00e9 un plan d&rsquo;action pour une gestion r\u00e9siliente et concert\u00e9e de l&rsquo;eau qui comporte <a href=\"https:\/\/www.ecologie.gouv.fr\/dossier-presse-plan-daction-gestion-resiliente-et-concertee-leau\" rel=\"noopener\" target=\"_blank\">53 mesures<\/a>.<\/p>\n<p>Ce plan repose sur 3 axes :<\/p>\n<ul>\n<li>organiser la sobri\u00e9t\u00e9 des usages pour tous les acteurs ;<\/li>\n<li>optimiser la disponibilit\u00e9 de la ressource ;<\/li>\n<li>pr\u00e9server la qualit\u00e9 de l&rsquo;eau.<\/li>\n<\/ul>\n<p>Au niveau g\u00e9n\u00e9ral, l&rsquo;ensemble des entreprises est invit\u00e9 \u00e0 \u00e9tablir un plan de sobri\u00e9t\u00e9 pour l&rsquo;eau, dans le m\u00eame esprit que le plan de sobri\u00e9t\u00e9 \u00e9nerg\u00e9tique.&nbsp;<\/p>\n<p>Certaines des mesures du plan vont int\u00e9resser plus particuli\u00e8rement certains secteurs, notamment le BTP, l&rsquo;agriculture et l&rsquo;industrie.<\/p>\n<p>Par exemple, il est pr\u00e9vu un soutien financier pour les pratiques agricoles \u00e9conomes en eau en 2024 (cr\u00e9ation de fili\u00e8res peu consommatrices, irrigation au gouttes \u00e0 gouttes, etc.), ou pour la r\u00e9alisation de travaux pour r\u00e9duire la consommation d&rsquo;eau dans les b\u00e2timents neufs, toujours en 2024.<\/p>\n<p>Une autre mesure est \u00e9galement \u00e0 retenir : les eaux non conventionnelles (eaux de pluie, eaux grises, etc.) vont \u00eatre mieux valoris\u00e9es d&rsquo;ici 2027. L&rsquo;objectif est de r\u00e9utiliser ces eaux pour \u00e9viter d&rsquo;utiliser de l&rsquo;eau potable, l\u00e0 o\u00f9 elle n&rsquo;est pas utile (dans les toilettes, par exemple).<\/p>\n<p>Avec le m\u00eame objectif, les eaux de pluie doivent \u00eatre mieux r\u00e9cup\u00e9r\u00e9es, notamment sur les b\u00e2timents agricoles, pour pouvoir \u00eatre utilis\u00e9es pour l&rsquo;abreuvement des animaux. Des aides vont voir le jour pour g\u00e9n\u00e9raliser cette pratique dans les ann\u00e9es \u00e0 venir.<\/p>\n<div>Sources :  <\/p>\n<ul>\n<li><a href=\"https:\/\/www.ecologie.gouv.fr\/dossier-presse-plan-daction-gestion-resiliente-et-concertee-leau\" rel=\"noopener\" target=\"_blank\">Dossier de presse du minist\u00e8re de la Transition \u00e9cologique du 30 mars 2023&nbsp;: \u00ab&nbsp;Plan d&rsquo;action pour une gestion r\u00e9siliente et concert\u00e9e de l&rsquo;eau&nbsp;\u00bb<\/a><\/li>\n<\/ul>\n<\/div>\n<p><a href=\"https:\/\/www.weblex.fr\/weblex-actualite\/plan-eau-quel-contenu\" target=\"_blank\" rel=\"noopener\">Plan \u00ab eau \u00bb : quel contenu ?<\/a> &#8211; \u00a9 Copyright WebLex<\/p>\n<p><img src=\"https:\/\/www.weblex.fr\/sites\/default\/files\/actualites\/images\/planeau.jpg\"><\/p>\n","protected":false},"excerpt":{"rendered":"<p>Apr\u00e8s un \u00e9t\u00e9 2022 marqu\u00e9 par une s\u00e9cheresse importante, l&rsquo;hiver qui a suivi a aggrav\u00e9 la situation, en raison de la faible pluviom\u00e9trie. Et parce que les ann\u00e9es \u00e0 venir seront \u00e9galement marqu\u00e9es par d&rsquo;importants \u00e9pisodes de s\u00e9cheresse, le Gouvernement a d\u00e9cid\u00e9 de mettre en place un plan d&rsquo;action&#8230;<\/p>\n","protected":false},"featured_media":15081,"template":"","weblex-importer-activity":[],"weblex-importer-category":[62,63],"weblex-importer-tag":[198],"weblex-importer-keyword":[],"_links":{"self":[{"href":"https:\/\/www.secvergnaud.com\/index.php\/wp-json\/wp\/v2\/weblex-importer-post\/15080"}],"collection":[{"href":"https:\/\/www.secvergnaud.com\/index.php\/wp-json\/wp\/v2\/weblex-importer-post"}],"about":[{"href":"https:\/\/www.secvergnaud.com\/index.php\/wp-json\/wp\/v2\/types\/weblex-importer-post"}],"wp:featuredmedia":[{"embeddable":true,"href":"https:\/\/www.secvergnaud.com\/index.php\/wp-json\/wp\/v2\/media\/15081"}],"wp:attachment":[{"href":"https:\/\/www.secvergnaud.com\/index.php\/wp-json\/wp\/v2\/media?parent=15080"}],"wp:term":[{"taxonomy":"weblex-importer-activity","embeddable":true,"href":"https:\/\/www.secvergnaud.com\/index.php\/wp-json\/wp\/v2\/weblex-importer-activity?post=15080"},{"taxonomy":"weblex-importer-category","embeddable":true,"href":"https:\/\/www.secvergnaud.com\/index.php\/wp-json\/wp\/v2\/weblex-importer-category?post=15080"},{"taxonomy":"weblex-importer-tag","embeddable":true,"href":"https:\/\/www.secvergnaud.com\/index.php\/wp-json\/wp\/v2\/weblex-importer-tag?post=15080"},{"taxonomy":"weblex-importer-keyword","embeddable":true,"href":"https:\/\/www.secvergnaud.com\/index.php\/wp-json\/wp\/v2\/weblex-importer-keyword?post=15080"}],"curies":[{"name":"wp","href":"https:\/\/api.w.org\/{rel}","templated":true}]}}