{"id":15072,"date":"2023-04-07T00:00:00","date_gmt":"2023-04-06T22:00:00","guid":{"rendered":"https:\/\/www.secvergnaud.com\/index.php\/les-infos-du-jour\/responsabilite-medicale-une-erreur-sans-consequence\/"},"modified":"2023-04-07T00:00:00","modified_gmt":"2023-04-06T22:00:00","slug":"responsabilite-medicale-une-erreur-sans-consequence","status":"publish","type":"weblex-importer-post","link":"https:\/\/www.secvergnaud.com\/index.php\/les-infos-du-jour\/responsabilite-medicale-une-erreur-sans-consequence\/","title":{"rendered":"Responsabilit\u00e9 m\u00e9dicale : une erreur sans cons\u00e9quence ?"},"content":{"rendered":"<p>Les professionnels du secteur m\u00e9dical sont, dans la plupart des cas, soumis \u00e0 une obligation de moyen plut\u00f4t qu&rsquo;\u00e0 une obligation de r\u00e9sultat. Ils ne sont pas pour autant exempts de voir leur responsabilit\u00e9 engag\u00e9e en cas d&rsquo;erreur, si tant est que&nbsp;les cons\u00e9quences de cette erreur puissent \u00eatre d\u00e9montr\u00e9es&#8230;<\/p>\n<h2>Retard de diagnostic : syst\u00e9matiquement indemnisable ?<\/h2>\n<p>Le juge a r\u00e9cemment eu \u00e0 se pencher sur un cas proposant une illustration particuli\u00e8re de la responsabilit\u00e9 d&rsquo;un m\u00e9decin en pr\u00e9sence d&rsquo;une erreur de diagnostic.<\/p>\n<p>Dans cette affaire, une patiente consulte une radiologue. \u00c0 l&rsquo;issu de l&rsquo;examen, la praticienne ne d\u00e9c\u00e8le rien d&rsquo;inqui\u00e9tant sur les radios. Pourtant, 5 mois plus tard, un autre m\u00e9decin d\u00e9c\u00e8le une affection qui n\u00e9cessite une prise en charge lourde et des interventions tr\u00e8s invasives.<\/p>\n<p>Estimant avoir \u00e9t\u00e9 l\u00e9s\u00e9e par l&rsquo;erreur de la premi\u00e8re radiologue, la patiente va engager sa responsabilit\u00e9 et demander \u00e0 \u00eatre indemnis\u00e9e. Selon elle, en effet, les 5 mois qui se sont \u00e9coul\u00e9s entre les deux diagnostics lui ont fait perdre l&rsquo;opportunit\u00e9 d&rsquo;une prise en charge plus pr\u00e9coce et donc, probablement, d&rsquo;un traitement moins invasif.<\/p>\n<p>Pourtant, la Commission de conciliation et d&rsquo;indemnisation des accidents m\u00e9dicaux (CCI) saisie de l&rsquo;affaire constate que s&rsquo;il y a bien eu une erreur m\u00e9dicale du fait du diagnostic de la premi\u00e8re radiologue, il n&rsquo;\u00e9tait pas possible d&rsquo;envisager un traitement diff\u00e9rent du fait de l&rsquo;\u00e9tat d\u00e9j\u00e0 avanc\u00e9 de l&rsquo;affection lors de ce premier examen. La proc\u00e9dure invasive \u00e9tait d&rsquo;ores et d\u00e9j\u00e0 la seule option.<\/p>\n<p>Le juge va donc refuser cette demande d&rsquo;indemnisation. Tout en reconnaissant l&rsquo;erreur m\u00e9dicale, il n&rsquo;est pas possible de consid\u00e9rer ici que la patiente a perdu l&rsquo;opportunit\u00e9 de profiter d&rsquo;un autre traitement. La \u00ab&nbsp;perte de chance \u00bb&nbsp;ne peut \u00eatre reconnue que s&rsquo;il est av\u00e9r\u00e9 que l&rsquo;erreur en cause a eu des cons\u00e9quences directes sur le traitement de la patiente.<\/p>\n<div>Sources :  <\/p>\n<ul>\n<li><a href=\"https:\/\/www.legifrance.gouv.fr\/juri\/id\/JURITEXT000047395879?isSuggest=true\" rel=\"noopener\" target=\"_blank\">Arr\u00eat de la Cour de cassation, 1re chambre civile, du 29 mars 2023, n\u00b0 22-13630<\/a><\/li>\n<\/ul>\n<\/div>\n<p><a href=\"https:\/\/www.weblex.fr\/weblex-actualite\/responsabilite-medicale-une-erreur-sans-consequence\" target=\"_blank\" rel=\"noopener\">Responsabilit\u00e9 m\u00e9dicale : une erreur sans cons\u00e9quence ?<\/a> &#8211; \u00a9 Copyright WebLex<\/p>\n<p><img src=\"https:\/\/www.weblex.fr\/sites\/default\/files\/actualites\/images\/Shutterstock_2262540077.jpg\"><\/p>\n","protected":false},"excerpt":{"rendered":"<p>Les professionnels du secteur m\u00e9dical sont, dans la plupart des cas, soumis \u00e0 une obligation de moyen plut\u00f4t qu&rsquo;\u00e0 une obligation de r\u00e9sultat. Ils ne sont pas pour autant exempts de voir leur responsabilit\u00e9 engag\u00e9e en cas d&rsquo;erreur, si tant est que&nbsp;les cons\u00e9quences de cette erreur puissent \u00eatre d\u00e9montr\u00e9es&#8230;<\/p>\n","protected":false},"featured_media":15073,"template":"","weblex-importer-activity":[],"weblex-importer-category":[62,63],"weblex-importer-tag":[198],"weblex-importer-keyword":[],"_links":{"self":[{"href":"https:\/\/www.secvergnaud.com\/index.php\/wp-json\/wp\/v2\/weblex-importer-post\/15072"}],"collection":[{"href":"https:\/\/www.secvergnaud.com\/index.php\/wp-json\/wp\/v2\/weblex-importer-post"}],"about":[{"href":"https:\/\/www.secvergnaud.com\/index.php\/wp-json\/wp\/v2\/types\/weblex-importer-post"}],"wp:featuredmedia":[{"embeddable":true,"href":"https:\/\/www.secvergnaud.com\/index.php\/wp-json\/wp\/v2\/media\/15073"}],"wp:attachment":[{"href":"https:\/\/www.secvergnaud.com\/index.php\/wp-json\/wp\/v2\/media?parent=15072"}],"wp:term":[{"taxonomy":"weblex-importer-activity","embeddable":true,"href":"https:\/\/www.secvergnaud.com\/index.php\/wp-json\/wp\/v2\/weblex-importer-activity?post=15072"},{"taxonomy":"weblex-importer-category","embeddable":true,"href":"https:\/\/www.secvergnaud.com\/index.php\/wp-json\/wp\/v2\/weblex-importer-category?post=15072"},{"taxonomy":"weblex-importer-tag","embeddable":true,"href":"https:\/\/www.secvergnaud.com\/index.php\/wp-json\/wp\/v2\/weblex-importer-tag?post=15072"},{"taxonomy":"weblex-importer-keyword","embeddable":true,"href":"https:\/\/www.secvergnaud.com\/index.php\/wp-json\/wp\/v2\/weblex-importer-keyword?post=15072"}],"curies":[{"name":"wp","href":"https:\/\/api.w.org\/{rel}","templated":true}]}}