{"id":15068,"date":"2023-04-10T00:00:00","date_gmt":"2023-04-09T22:00:00","guid":{"rendered":"https:\/\/www.secvergnaud.com\/index.php\/les-infos-du-jour\/les-cheques-energie-fioul-et-bois-jouent-les-prolongations\/"},"modified":"2023-04-10T00:00:00","modified_gmt":"2023-04-09T22:00:00","slug":"les-cheques-energie-fioul-et-bois-jouent-les-prolongations","status":"publish","type":"weblex-importer-post","link":"https:\/\/www.secvergnaud.com\/index.php\/les-infos-du-jour\/les-cheques-energie-fioul-et-bois-jouent-les-prolongations\/","title":{"rendered":"Les ch\u00e8ques \u00e9nergie fioul et bois jouent les prolongations"},"content":{"rendered":"<p>Pour aider les foyers fran\u00e7ais qui se chauffent principalement au bois ou au fioul \u00e0 faire face \u00e0 la crise \u00e9nerg\u00e9tique, le Gouvernement a mis en place des ch\u00e8ques \u00e9nergie exceptionnels. Les d\u00e9lais pour d\u00e9poser vos demandes de ch\u00e8que viennent d&rsquo;\u00eatre prolong\u00e9s. Jusqu&rsquo;\u00e0 quand ?<\/p>\n<h2>Demandes de ch\u00e8ques \u00e9nergie exceptionnels : un mois suppl\u00e9mentaire !<\/h2>\n<p>Le ch\u00e8que \u00e9nergie exceptionnel \u00ab fioul \u00bb, de m\u00eame que le ch\u00e8que \u00e9nergie&nbsp;\u00ab bois \u00bb ont \u00e9t\u00e9 mis en place pour aider les foyers fran\u00e7ais \u00e0 faire face \u00e0 la crise \u00e9nerg\u00e9tique.<\/p>\n<ul>\n<li>\tConcernant le ch\u00e8que \u00e9nergie&nbsp;\u00ab fioul \u00bb\t<\/li>\n<\/ul>\n<p>Les personnes qui remplissent toutes les conditions requises, qui ont d\u00e9j\u00e0 b\u00e9n\u00e9fici\u00e9 d\u2019un ch\u00e8que \u00e9nergie au titre de l\u2019ann\u00e9e 2022 et qui l\u2019ont utilis\u00e9 pour l\u2019achat de fioul domestique ont normalement d\u00e9j\u00e0 re\u00e7u automatiquement de la part de l\u2019Agence de services et de paiement (ASP) un ch\u00e8que \u00e9nergie exceptionnel \u00ab fioul \u00bb.<\/p>\n<p>Les personnes non identifi\u00e9es par l\u2019ASP qui souhaitaient en b\u00e9n\u00e9ficier devaient d\u00e9poser une demande sp\u00e9cifique, sur un portail Web d\u00e9di\u00e9, au plus tard le 31 mars 2023.&nbsp;<\/p>\n<p>Un d\u00e9lai suppl\u00e9mentaire d&rsquo;un mois vient d&rsquo;\u00eatre accord\u00e9 par le Gouvernement. Les personnes concern\u00e9es ont donc jusqu&rsquo;au 30 avril 2023 pour d\u00e9poser leur demande.<\/p>\n<ul>\n<li>\tConcernant le ch\u00e8que \u00e9nergie&nbsp;\u00ab bois \u00bb\t<\/li>\n<\/ul>\n<p>Quant au ch\u00e8que \u00e9nergie&nbsp;\u00ab bois \u00bb, la date limite de d\u00e9p\u00f4t des dossiers de demande, jusqu&rsquo;\u00e0 pr\u00e9sent fix\u00e9e au 30 avril 2023, vient d&rsquo;\u00eatre repouss\u00e9e au 31 mai 2023.<\/p>\n<p>Les modalit\u00e9s de d\u00e9p\u00f4t restent inchang\u00e9es.<\/p>\n<div>Sources :  <\/p>\n<ul>\n<li><a href=\"https:\/\/www.legifrance.gouv.fr\/jorf\/id\/JORFTEXT000047377851\" rel=\"noopener\" target=\"_blank\">D\u00e9cret n\u00b0 2023-231 du 30 mars 2023 relatif au report des dates limites de demande du ch\u00e8que \u00e9nergie pour les m\u00e9nages chauff\u00e9s au fioul domestique et du ch\u00e8que \u00e9nergie pour les m\u00e9nages chauff\u00e9s au bois<\/a><br \/>\t&nbsp;<\/li>\n<\/ul>\n<\/div>\n<p><a href=\"https:\/\/www.weblex.fr\/weblex-actualite\/les-cheques-energie-fioul-et-bois-jouent-les-prolongations\" target=\"_blank\" rel=\"noopener\">Les ch\u00e8ques \u00e9nergie fioul et bois jouent les prolongations<\/a> &#8211; \u00a9 Copyright WebLex<\/p>\n<p><img src=\"https:\/\/www.weblex.fr\/sites\/default\/files\/actualites\/images\/chequeenergie.jpg\"><\/p>\n","protected":false},"excerpt":{"rendered":"<p>Pour aider les foyers fran\u00e7ais qui se chauffent principalement au bois ou au fioul \u00e0 faire face \u00e0 la crise \u00e9nerg\u00e9tique, le Gouvernement a mis en place des ch\u00e8ques \u00e9nergie exceptionnels. Les d\u00e9lais pour d\u00e9poser vos demandes de ch\u00e8que viennent d&rsquo;\u00eatre prolong\u00e9s. Jusqu&rsquo;\u00e0 quand ?<\/p>\n","protected":false},"featured_media":15069,"template":"","weblex-importer-activity":[],"weblex-importer-category":[62,64],"weblex-importer-tag":[198],"weblex-importer-keyword":[],"_links":{"self":[{"href":"https:\/\/www.secvergnaud.com\/index.php\/wp-json\/wp\/v2\/weblex-importer-post\/15068"}],"collection":[{"href":"https:\/\/www.secvergnaud.com\/index.php\/wp-json\/wp\/v2\/weblex-importer-post"}],"about":[{"href":"https:\/\/www.secvergnaud.com\/index.php\/wp-json\/wp\/v2\/types\/weblex-importer-post"}],"wp:featuredmedia":[{"embeddable":true,"href":"https:\/\/www.secvergnaud.com\/index.php\/wp-json\/wp\/v2\/media\/15069"}],"wp:attachment":[{"href":"https:\/\/www.secvergnaud.com\/index.php\/wp-json\/wp\/v2\/media?parent=15068"}],"wp:term":[{"taxonomy":"weblex-importer-activity","embeddable":true,"href":"https:\/\/www.secvergnaud.com\/index.php\/wp-json\/wp\/v2\/weblex-importer-activity?post=15068"},{"taxonomy":"weblex-importer-category","embeddable":true,"href":"https:\/\/www.secvergnaud.com\/index.php\/wp-json\/wp\/v2\/weblex-importer-category?post=15068"},{"taxonomy":"weblex-importer-tag","embeddable":true,"href":"https:\/\/www.secvergnaud.com\/index.php\/wp-json\/wp\/v2\/weblex-importer-tag?post=15068"},{"taxonomy":"weblex-importer-keyword","embeddable":true,"href":"https:\/\/www.secvergnaud.com\/index.php\/wp-json\/wp\/v2\/weblex-importer-keyword?post=15068"}],"curies":[{"name":"wp","href":"https:\/\/api.w.org\/{rel}","templated":true}]}}